{"id":4736,"date":"2025-03-17T07:28:13","date_gmt":"2025-03-17T10:28:13","guid":{"rendered":"https:\/\/noticiasregionais.com.br\/?p=4736"},"modified":"2025-03-17T08:06:03","modified_gmt":"2025-03-17T11:06:03","slug":"operacao-direcao-segura-flagra-46-condutores-sob-efeito-de-alcool-na-raposo-tavares","status":"publish","type":"post","link":"https:\/\/noticiasregionais.com.br\/?p=4736","title":{"rendered":"Opera\u00e7\u00e3o Dire\u00e7\u00e3o Segura flagra 46 condutores sob efeito de \u00e1lcool na Raposo Tavares"},"content":{"rendered":"\n<p>Na tarde do \u00faltimo s\u00e1bado (15), o Policiamento Rodovi\u00e1rio da 3\u00aa Cia do 2\u00b0 Batalh\u00e3o de Pol\u00edcia Rodovi\u00e1ria (BPRv), em parceria com o Departamento Estadual de Tr\u00e2nsito (DETRAN), a Pol\u00edcia Civil e a Concession\u00e1ria CART, realizou a Opera\u00e7\u00e3o Dire\u00e7\u00e3o Segura Integrada na Rodovia Raposo Tavares (SP-270), no km 445,500, sentido Leste, no munic\u00edpio de Assis\/SP.<\/p>\n\n\n\n<p>A opera\u00e7\u00e3o, que ocorreu entre 14h e 20h, teve como objetivo fiscalizar e coibir a condu\u00e7\u00e3o de ve\u00edculos sob efeito de \u00e1lcool, garantindo maior seguran\u00e7a para os usu\u00e1rios da rodovia.<\/p>\n\n\n\n<p><strong>Resultados da opera\u00e7\u00e3o:<\/strong><\/p>\n\n\n\n<ul class=\"wp-block-list\">\n<li>Testes passivos realizados: 1.493<\/li>\n\n\n\n<li>Testes ativos realizados: 46<\/li>\n\n\n\n<li>Recusa ao teste do etil\u00f4metro: 43<\/li>\n\n\n\n<li>Condutores flagrados com embriaguez: 03<\/li>\n<\/ul>\n\n\n\n<p>Os motoristas que recusaram o teste ou foram flagrados sob efeito de \u00e1lcool poder\u00e3o sofrer as penalidades previstas no C\u00f3digo de Tr\u00e2nsito Brasileiro (CTB), incluindo multas e suspens\u00e3o do direito de dirigir.<\/p>\n\n\n\n<p>A Pol\u00edcia Militar refor\u00e7a a import\u00e2ncia de respeitar as leis de tr\u00e2nsito e destaca que a\u00e7\u00f5es como essa continuar\u00e3o a ser realizadas para garantir a seguran\u00e7a vi\u00e1ria. &#8220;Rumo aos 200 anos! Vamos todos juntos, ningu\u00e9m fica para tr\u00e1s!&#8221;, destacou a corpora\u00e7\u00e3o.<\/p>\n\n\n\n<figure class=\"wp-block-gallery has-nested-images columns-4 is-cropped wp-block-gallery-1 is-layout-flex wp-block-gallery-is-layout-flex\">\n<figure class=\"wp-block-image size-large\"><a href=\"https:\/\/noticiasregionais.com.br\/wp-content\/uploads\/2025\/03\/WhatsApp-Image-2025-03-15-at-21.13.191-scaled.jpeg\"><img decoding=\"async\" width=\"461\" height=\"1024\" data-id=\"4739\" src=\"https:\/\/noticiasregionais.com.br\/wp-content\/uploads\/2025\/03\/WhatsApp-Image-2025-03-15-at-21.13.191-461x1024.jpeg\" alt=\"\" class=\"wp-image-4739\" srcset=\"https:\/\/noticiasregionais.com.br\/wp-content\/uploads\/2025\/03\/WhatsApp-Image-2025-03-15-at-21.13.191-461x1024.jpeg 461w, https:\/\/noticiasregionais.com.br\/wp-content\/uploads\/2025\/03\/WhatsApp-Image-2025-03-15-at-21.13.191-135x300.jpeg 135w, https:\/\/noticiasregionais.com.br\/wp-content\/uploads\/2025\/03\/WhatsApp-Image-2025-03-15-at-21.13.191-768x1706.jpeg 768w, https:\/\/noticiasregionais.com.br\/wp-content\/uploads\/2025\/03\/WhatsApp-Image-2025-03-15-at-21.13.191-692x1536.jpeg 692w, https:\/\/noticiasregionais.com.br\/wp-content\/uploads\/2025\/03\/WhatsApp-Image-2025-03-15-at-21.13.191-922x2048.jpeg 922w, https:\/\/noticiasregionais.com.br\/wp-content\/uploads\/2025\/03\/WhatsApp-Image-2025-03-15-at-21.13.191-scaled.jpeg 1153w\" sizes=\"(max-width: 461px) 100vw, 461px\" \/><\/a><\/figure>\n\n\n\n<figure class=\"wp-block-image size-large\"><a href=\"https:\/\/noticiasregionais.com.br\/wp-content\/uploads\/2025\/03\/WhatsApp-Image-2025-03-15-at-21.13.19-scaled.jpeg\"><img decoding=\"async\" width=\"461\" height=\"1024\" data-id=\"4740\" src=\"https:\/\/noticiasregionais.com.br\/wp-content\/uploads\/2025\/03\/WhatsApp-Image-2025-03-15-at-21.13.19-461x1024.jpeg\" alt=\"\" class=\"wp-image-4740\" srcset=\"https:\/\/noticiasregionais.com.br\/wp-content\/uploads\/2025\/03\/WhatsApp-Image-2025-03-15-at-21.13.19-461x1024.jpeg 461w, https:\/\/noticiasregionais.com.br\/wp-content\/uploads\/2025\/03\/WhatsApp-Image-2025-03-15-at-21.13.19-135x300.jpeg 135w, https:\/\/noticiasregionais.com.br\/wp-content\/uploads\/2025\/03\/WhatsApp-Image-2025-03-15-at-21.13.19-768x1706.jpeg 768w, https:\/\/noticiasregionais.com.br\/wp-content\/uploads\/2025\/03\/WhatsApp-Image-2025-03-15-at-21.13.19-692x1536.jpeg 692w, https:\/\/noticiasregionais.com.br\/wp-content\/uploads\/2025\/03\/WhatsApp-Image-2025-03-15-at-21.13.19-922x2048.jpeg 922w, https:\/\/noticiasregionais.com.br\/wp-content\/uploads\/2025\/03\/WhatsApp-Image-2025-03-15-at-21.13.19-scaled.jpeg 1153w\" sizes=\"(max-width: 461px) 100vw, 461px\" \/><\/a><\/figure>\n\n\n\n<figure class=\"wp-block-image size-large\"><a href=\"https:\/\/noticiasregionais.com.br\/wp-content\/uploads\/2025\/03\/WhatsApp-Image-2025-03-15-at-21.13.20.jpeg\"><img decoding=\"async\" width=\"1024\" height=\"575\" data-id=\"4738\" src=\"https:\/\/noticiasregionais.com.br\/wp-content\/uploads\/2025\/03\/WhatsApp-Image-2025-03-15-at-21.13.20-1024x575.jpeg\" alt=\"\" class=\"wp-image-4738\" srcset=\"https:\/\/noticiasregionais.com.br\/wp-content\/uploads\/2025\/03\/WhatsApp-Image-2025-03-15-at-21.13.20-1024x575.jpeg 1024w, https:\/\/noticiasregionais.com.br\/wp-content\/uploads\/2025\/03\/WhatsApp-Image-2025-03-15-at-21.13.20-300x169.jpeg 300w, https:\/\/noticiasregionais.com.br\/wp-content\/uploads\/2025\/03\/WhatsApp-Image-2025-03-15-at-21.13.20-768x432.jpeg 768w, https:\/\/noticiasregionais.com.br\/wp-content\/uploads\/2025\/03\/WhatsApp-Image-2025-03-15-at-21.13.20-1536x863.jpeg 1536w, https:\/\/noticiasregionais.com.br\/wp-content\/uploads\/2025\/03\/WhatsApp-Image-2025-03-15-at-21.13.20.jpeg 1600w\" sizes=\"(max-width: 1024px) 100vw, 1024px\" \/><\/a><\/figure>\n\n\n\n<figure class=\"wp-block-image size-large\"><a href=\"https:\/\/noticiasregionais.com.br\/wp-content\/uploads\/2025\/03\/WhatsApp-Image-2025-03-15-at-21.13.211-scaled.jpeg\"><img decoding=\"async\" width=\"1024\" height=\"461\" data-id=\"4741\" src=\"https:\/\/noticiasregionais.com.br\/wp-content\/uploads\/2025\/03\/WhatsApp-Image-2025-03-15-at-21.13.211-1024x461.jpeg\" alt=\"\" class=\"wp-image-4741\" srcset=\"https:\/\/noticiasregionais.com.br\/wp-content\/uploads\/2025\/03\/WhatsApp-Image-2025-03-15-at-21.13.211-1024x461.jpeg 1024w, https:\/\/noticiasregionais.com.br\/wp-content\/uploads\/2025\/03\/WhatsApp-Image-2025-03-15-at-21.13.211-300x135.jpeg 300w, https:\/\/noticiasregionais.com.br\/wp-content\/uploads\/2025\/03\/WhatsApp-Image-2025-03-15-at-21.13.211-768x346.jpeg 768w, https:\/\/noticiasregionais.com.br\/wp-content\/uploads\/2025\/03\/WhatsApp-Image-2025-03-15-at-21.13.211-1536x692.jpeg 1536w, https:\/\/noticiasregionais.com.br\/wp-content\/uploads\/2025\/03\/WhatsApp-Image-2025-03-15-at-21.13.211-2048x922.jpeg 2048w\" sizes=\"(max-width: 1024px) 100vw, 1024px\" \/><\/a><\/figure>\n<\/figure>\n<input type=\"hidden\" id=\"baseurl\" value=\"https:\/\/noticiasregionais.com.br\"><input type=\"hidden\" id=\"audio_nonce\" value=\"533fbb67b1\">","protected":false},"excerpt":{"rendered":"<p>Na tarde do \u00faltimo s\u00e1bado (15), o Policiamento Rodovi\u00e1rio da 3\u00aa Cia do 2\u00b0 Batalh\u00e3o de Pol\u00edcia Rodovi\u00e1ria (BPRv), em&hellip;<\/p>\n","protected":false},"author":1,"featured_media":4737,"comment_status":"closed","ping_status":"open","sticky":false,"template":"","format":"standard","meta":{"sfsi_plus_gutenberg_text_before_share":"","sfsi_plus_gutenberg_show_text_before_share":"","sfsi_plus_gutenberg_icon_type":"","sfsi_plus_gutenberg_icon_alignemt":"","sfsi_plus_gutenburg_max_per_row":"","footnotes":""},"categories":[6,10,1],"tags":[34],"class_list":["post-4736","post","type-post","status-publish","format-standard","has-post-thumbnail","hentry","category-sao_paulo","category-destaques","category-noticias","tag-assis"],"_links":{"self":[{"href":"https:\/\/noticiasregionais.com.br\/index.php?rest_route=\/wp\/v2\/posts\/4736","targetHints":{"allow":["GET"]}}],"collection":[{"href":"https:\/\/noticiasregionais.com.br\/index.php?rest_route=\/wp\/v2\/posts"}],"about":[{"href":"https:\/\/noticiasregionais.com.br\/index.php?rest_route=\/wp\/v2\/types\/post"}],"author":[{"embeddable":true,"href":"https:\/\/noticiasregionais.com.br\/index.php?rest_route=\/wp\/v2\/users\/1"}],"replies":[{"embeddable":true,"href":"https:\/\/noticiasregionais.com.br\/index.php?rest_route=%2Fwp%2Fv2%2Fcomments&post=4736"}],"version-history":[{"count":1,"href":"https:\/\/noticiasregionais.com.br\/index.php?rest_route=\/wp\/v2\/posts\/4736\/revisions"}],"predecessor-version":[{"id":4742,"href":"https:\/\/noticiasregionais.com.br\/index.php?rest_route=\/wp\/v2\/posts\/4736\/revisions\/4742"}],"wp:featuredmedia":[{"embeddable":true,"href":"https:\/\/noticiasregionais.com.br\/index.php?rest_route=\/wp\/v2\/media\/4737"}],"wp:attachment":[{"href":"https:\/\/noticiasregionais.com.br\/index.php?rest_route=%2Fwp%2Fv2%2Fmedia&parent=4736"}],"wp:term":[{"taxonomy":"category","embeddable":true,"href":"https:\/\/noticiasregionais.com.br\/index.php?rest_route=%2Fwp%2Fv2%2Fcategories&post=4736"},{"taxonomy":"post_tag","embeddable":true,"href":"https:\/\/noticiasregionais.com.br\/index.php?rest_route=%2Fwp%2Fv2%2Ftags&post=4736"}],"curies":[{"name":"wp","href":"https:\/\/api.w.org\/{rel}","templated":true}]}}