{"id":474,"date":"2023-09-19T14:43:40","date_gmt":"2023-09-19T17:43:40","guid":{"rendered":"https:\/\/noticiasregionais.com.br\/?p=474"},"modified":"2023-09-29T19:33:18","modified_gmt":"2023-09-29T22:33:18","slug":"vem-para-a-adega-do-baianinho","status":"publish","type":"post","link":"https:\/\/noticiasregionais.com.br\/?p=474","title":{"rendered":"Vem para a Adega do Baianinho"},"content":{"rendered":"\n<h4 class=\"wp-block-heading has-text-align-center has-white-color has-light-green-cyan-background-color has-text-color has-background has-medium-font-size\">No <strong>Baianinho<\/strong> tem tudo para fazer sua festa e at\u00e9 um pouco mais! Pre\u00e7o camarada sempre \u00e9 na <strong>Adega do Baianinho<\/strong>. Agora com novidade: Gelo de lim\u00e3o com sal pra acompanhar sua cerveja, vem provar! Agora tamb\u00e9m tem g\u00e1s de cozinha no <strong>Baianinho<\/strong>, al\u00e9m de cerveja, destilados, carv\u00e3o, gelo, nargu\u00edle e muito mais. Precisou de g\u00e1s, bebidas, carv\u00e3o e muito mais\u2026 Vem pr\u00e1 <strong>Adega do Baianinho<\/strong>. Saiba mais pelo <strong><a href=\"http:\/\/wa.me\/+5514996468414\" target=\"_blank\" rel=\"noopener\">Whatsapp<\/a><\/strong><\/h4>\n\n\n\n<figure class=\"wp-block-gallery has-nested-images columns-default is-cropped has-luminous-vivid-amber-background-color has-background wp-block-gallery-1 is-layout-flex wp-block-gallery-is-layout-flex\">\n<figure class=\"wp-block-image size-large\"><a href=\"https:\/\/noticiasregionais.com.br\/wp-content\/uploads\/2023\/09\/WhatsApp-Image-2023-09-19-at-14.20.57-1.jpeg\"><img decoding=\"async\" width=\"1024\" height=\"576\" data-id=\"482\" src=\"https:\/\/noticiasregionais.com.br\/wp-content\/uploads\/2023\/09\/WhatsApp-Image-2023-09-19-at-14.20.57-1-1024x576.jpeg\" alt=\"\" class=\"wp-image-482\" srcset=\"https:\/\/noticiasregionais.com.br\/wp-content\/uploads\/2023\/09\/WhatsApp-Image-2023-09-19-at-14.20.57-1-1024x576.jpeg 1024w, https:\/\/noticiasregionais.com.br\/wp-content\/uploads\/2023\/09\/WhatsApp-Image-2023-09-19-at-14.20.57-1-300x169.jpeg 300w, https:\/\/noticiasregionais.com.br\/wp-content\/uploads\/2023\/09\/WhatsApp-Image-2023-09-19-at-14.20.57-1-768x432.jpeg 768w, https:\/\/noticiasregionais.com.br\/wp-content\/uploads\/2023\/09\/WhatsApp-Image-2023-09-19-at-14.20.57-1-1536x864.jpeg 1536w, https:\/\/noticiasregionais.com.br\/wp-content\/uploads\/2023\/09\/WhatsApp-Image-2023-09-19-at-14.20.57-1.jpeg 1599w\" sizes=\"(max-width: 1024px) 100vw, 1024px\" \/><\/a><\/figure>\n\n\n\n<figure class=\"wp-block-image size-large\"><a href=\"https:\/\/noticiasregionais.com.br\/wp-content\/uploads\/2023\/09\/WhatsApp-Image-2023-09-19-at-14.20.57.jpeg\"><img decoding=\"async\" width=\"1024\" height=\"576\" data-id=\"479\" src=\"https:\/\/noticiasregionais.com.br\/wp-content\/uploads\/2023\/09\/WhatsApp-Image-2023-09-19-at-14.20.57-1024x576.jpeg\" alt=\"\" class=\"wp-image-479\" srcset=\"https:\/\/noticiasregionais.com.br\/wp-content\/uploads\/2023\/09\/WhatsApp-Image-2023-09-19-at-14.20.57-1024x576.jpeg 1024w, https:\/\/noticiasregionais.com.br\/wp-content\/uploads\/2023\/09\/WhatsApp-Image-2023-09-19-at-14.20.57-300x169.jpeg 300w, https:\/\/noticiasregionais.com.br\/wp-content\/uploads\/2023\/09\/WhatsApp-Image-2023-09-19-at-14.20.57-768x432.jpeg 768w, https:\/\/noticiasregionais.com.br\/wp-content\/uploads\/2023\/09\/WhatsApp-Image-2023-09-19-at-14.20.57-1536x864.jpeg 1536w, https:\/\/noticiasregionais.com.br\/wp-content\/uploads\/2023\/09\/WhatsApp-Image-2023-09-19-at-14.20.57.jpeg 1599w\" sizes=\"(max-width: 1024px) 100vw, 1024px\" \/><\/a><\/figure>\n\n\n\n<figure class=\"wp-block-image size-large\"><a href=\"https:\/\/noticiasregionais.com.br\/wp-content\/uploads\/2023\/09\/WhatsApp-Image-2023-09-19-at-14.20.56.jpeg\"><img decoding=\"async\" width=\"1024\" height=\"576\" data-id=\"480\" src=\"https:\/\/noticiasregionais.com.br\/wp-content\/uploads\/2023\/09\/WhatsApp-Image-2023-09-19-at-14.20.56-1024x576.jpeg\" alt=\"\" class=\"wp-image-480\" srcset=\"https:\/\/noticiasregionais.com.br\/wp-content\/uploads\/2023\/09\/WhatsApp-Image-2023-09-19-at-14.20.56-1024x576.jpeg 1024w, https:\/\/noticiasregionais.com.br\/wp-content\/uploads\/2023\/09\/WhatsApp-Image-2023-09-19-at-14.20.56-300x169.jpeg 300w, https:\/\/noticiasregionais.com.br\/wp-content\/uploads\/2023\/09\/WhatsApp-Image-2023-09-19-at-14.20.56-768x432.jpeg 768w, https:\/\/noticiasregionais.com.br\/wp-content\/uploads\/2023\/09\/WhatsApp-Image-2023-09-19-at-14.20.56-1536x864.jpeg 1536w, https:\/\/noticiasregionais.com.br\/wp-content\/uploads\/2023\/09\/WhatsApp-Image-2023-09-19-at-14.20.56.jpeg 1599w\" sizes=\"(max-width: 1024px) 100vw, 1024px\" \/><\/a><\/figure>\n\n\n\n<figure class=\"wp-block-image size-large\"><a href=\"https:\/\/noticiasregionais.com.br\/wp-content\/uploads\/2023\/09\/WhatsApp-Image-2023-09-19-at-14.19.04.jpeg\"><img decoding=\"async\" width=\"768\" height=\"1024\" data-id=\"475\" src=\"https:\/\/noticiasregionais.com.br\/wp-content\/uploads\/2023\/09\/WhatsApp-Image-2023-09-19-at-14.19.04-768x1024.jpeg\" alt=\"\" class=\"wp-image-475\" srcset=\"https:\/\/noticiasregionais.com.br\/wp-content\/uploads\/2023\/09\/WhatsApp-Image-2023-09-19-at-14.19.04-768x1024.jpeg 768w, https:\/\/noticiasregionais.com.br\/wp-content\/uploads\/2023\/09\/WhatsApp-Image-2023-09-19-at-14.19.04-225x300.jpeg 225w, https:\/\/noticiasregionais.com.br\/wp-content\/uploads\/2023\/09\/WhatsApp-Image-2023-09-19-at-14.19.04.jpeg 780w\" sizes=\"(max-width: 768px) 100vw, 768px\" \/><\/a><\/figure>\n\n\n\n<figure class=\"wp-block-image size-large\"><a href=\"https:\/\/noticiasregionais.com.br\/wp-content\/uploads\/2023\/09\/WhatsApp-Image-2023-09-19-at-14.18.29.jpeg\"><img decoding=\"async\" width=\"819\" height=\"1024\" data-id=\"481\" src=\"https:\/\/noticiasregionais.com.br\/wp-content\/uploads\/2023\/09\/WhatsApp-Image-2023-09-19-at-14.18.29-819x1024.jpeg\" alt=\"\" class=\"wp-image-481\" srcset=\"https:\/\/noticiasregionais.com.br\/wp-content\/uploads\/2023\/09\/WhatsApp-Image-2023-09-19-at-14.18.29-819x1024.jpeg 819w, https:\/\/noticiasregionais.com.br\/wp-content\/uploads\/2023\/09\/WhatsApp-Image-2023-09-19-at-14.18.29-240x300.jpeg 240w, https:\/\/noticiasregionais.com.br\/wp-content\/uploads\/2023\/09\/WhatsApp-Image-2023-09-19-at-14.18.29-768x960.jpeg 768w, https:\/\/noticiasregionais.com.br\/wp-content\/uploads\/2023\/09\/WhatsApp-Image-2023-09-19-at-14.18.29.jpeg 1080w\" sizes=\"(max-width: 819px) 100vw, 819px\" \/><\/a><\/figure>\n\n\n\n<figure class=\"wp-block-image size-large\"><a href=\"https:\/\/noticiasregionais.com.br\/wp-content\/uploads\/2023\/09\/WhatsApp-Image-2023-09-19-at-14.18.28-2.jpeg\"><img decoding=\"async\" width=\"1024\" height=\"576\" data-id=\"477\" src=\"https:\/\/noticiasregionais.com.br\/wp-content\/uploads\/2023\/09\/WhatsApp-Image-2023-09-19-at-14.18.28-2-1024x576.jpeg\" alt=\"\" class=\"wp-image-477\" srcset=\"https:\/\/noticiasregionais.com.br\/wp-content\/uploads\/2023\/09\/WhatsApp-Image-2023-09-19-at-14.18.28-2-1024x576.jpeg 1024w, https:\/\/noticiasregionais.com.br\/wp-content\/uploads\/2023\/09\/WhatsApp-Image-2023-09-19-at-14.18.28-2-300x169.jpeg 300w, https:\/\/noticiasregionais.com.br\/wp-content\/uploads\/2023\/09\/WhatsApp-Image-2023-09-19-at-14.18.28-2-768x432.jpeg 768w, https:\/\/noticiasregionais.com.br\/wp-content\/uploads\/2023\/09\/WhatsApp-Image-2023-09-19-at-14.18.28-2-1536x864.jpeg 1536w, https:\/\/noticiasregionais.com.br\/wp-content\/uploads\/2023\/09\/WhatsApp-Image-2023-09-19-at-14.18.28-2.jpeg 1599w\" sizes=\"(max-width: 1024px) 100vw, 1024px\" \/><\/a><\/figure>\n\n\n\n<figure class=\"wp-block-image size-large\"><a href=\"https:\/\/noticiasregionais.com.br\/wp-content\/uploads\/2023\/09\/WhatsApp-Image-2023-09-19-at-14.18.28-1.jpeg\"><img decoding=\"async\" width=\"1024\" height=\"576\" data-id=\"478\" src=\"https:\/\/noticiasregionais.com.br\/wp-content\/uploads\/2023\/09\/WhatsApp-Image-2023-09-19-at-14.18.28-1-1024x576.jpeg\" alt=\"\" class=\"wp-image-478\" srcset=\"https:\/\/noticiasregionais.com.br\/wp-content\/uploads\/2023\/09\/WhatsApp-Image-2023-09-19-at-14.18.28-1-1024x576.jpeg 1024w, https:\/\/noticiasregionais.com.br\/wp-content\/uploads\/2023\/09\/WhatsApp-Image-2023-09-19-at-14.18.28-1-300x169.jpeg 300w, https:\/\/noticiasregionais.com.br\/wp-content\/uploads\/2023\/09\/WhatsApp-Image-2023-09-19-at-14.18.28-1-768x432.jpeg 768w, https:\/\/noticiasregionais.com.br\/wp-content\/uploads\/2023\/09\/WhatsApp-Image-2023-09-19-at-14.18.28-1-1536x864.jpeg 1536w, https:\/\/noticiasregionais.com.br\/wp-content\/uploads\/2023\/09\/WhatsApp-Image-2023-09-19-at-14.18.28-1.jpeg 1599w\" sizes=\"(max-width: 1024px) 100vw, 1024px\" \/><\/a><\/figure>\n\n\n\n<figure class=\"wp-block-image size-large\"><a href=\"https:\/\/noticiasregionais.com.br\/wp-content\/uploads\/2023\/09\/WhatsApp-Image-2023-09-19-at-14.18.28.jpeg\"><img decoding=\"async\" width=\"576\" height=\"1024\" data-id=\"476\" src=\"https:\/\/noticiasregionais.com.br\/wp-content\/uploads\/2023\/09\/WhatsApp-Image-2023-09-19-at-14.18.28-576x1024.jpeg\" alt=\"\" class=\"wp-image-476\" srcset=\"https:\/\/noticiasregionais.com.br\/wp-content\/uploads\/2023\/09\/WhatsApp-Image-2023-09-19-at-14.18.28-576x1024.jpeg 576w, https:\/\/noticiasregionais.com.br\/wp-content\/uploads\/2023\/09\/WhatsApp-Image-2023-09-19-at-14.18.28-169x300.jpeg 169w, https:\/\/noticiasregionais.com.br\/wp-content\/uploads\/2023\/09\/WhatsApp-Image-2023-09-19-at-14.18.28-768x1366.jpeg 768w, https:\/\/noticiasregionais.com.br\/wp-content\/uploads\/2023\/09\/WhatsApp-Image-2023-09-19-at-14.18.28-864x1536.jpeg 864w, https:\/\/noticiasregionais.com.br\/wp-content\/uploads\/2023\/09\/WhatsApp-Image-2023-09-19-at-14.18.28.jpeg 899w\" sizes=\"(max-width: 576px) 100vw, 576px\" \/><\/a><\/figure>\n<\/figure>\n\n\n\n<h4 class=\"wp-block-heading has-text-align-center has-white-color has-luminous-vivid-orange-background-color has-text-color has-background has-medium-font-size\">Na Adega do Baianinho tem Cerveja Gelada, Bebida Destilada e Cop\u00e3o de Wisky.<br>No Baianinho ainda tem Carv\u00e3o, Gelo, Aperitivos e Licor. Produtos para Nargu\u00edle, artigos para fumante, Cop\u00e3o da Felicidade e Conveni\u00eancia. <br>No Baianinho tem tudo pra sua festa al\u00e9m de c\u00e2mara fria! A cerveja gelada n\u00e3o acaba nunca. Aberta de Ter\u00e7a a Domingo na Rua Francisco Carlos de Arruda Leite 37 no Vandelena Moraes Freire. <br>Festa Boa N\u00e3o tem Hora\u2026 Adega do Baianinho.<\/h4>\n<input type=\"hidden\" id=\"baseurl\" value=\"https:\/\/noticiasregionais.com.br\"><input type=\"hidden\" id=\"audio_nonce\" value=\"533fbb67b1\">","protected":false},"excerpt":{"rendered":"<p>No Baianinho tem tudo para fazer sua festa e at\u00e9 um pouco mais! Pre\u00e7o camarada sempre \u00e9 na Adega do&hellip;<\/p>\n","protected":false},"author":1,"featured_media":473,"comment_status":"closed","ping_status":"open","sticky":false,"template":"","format":"standard","meta":{"sfsi_plus_gutenberg_text_before_share":"","sfsi_plus_gutenberg_show_text_before_share":"","sfsi_plus_gutenberg_icon_type":"","sfsi_plus_gutenberg_icon_alignemt":"","sfsi_plus_gutenburg_max_per_row":"","footnotes":""},"categories":[10,13],"tags":[],"class_list":["post-474","post","type-post","status-publish","format-standard","has-post-thumbnail","hentry","category-destaques","category-parceiros"],"_links":{"self":[{"href":"https:\/\/noticiasregionais.com.br\/index.php?rest_route=\/wp\/v2\/posts\/474","targetHints":{"allow":["GET"]}}],"collection":[{"href":"https:\/\/noticiasregionais.com.br\/index.php?rest_route=\/wp\/v2\/posts"}],"about":[{"href":"https:\/\/noticiasregionais.com.br\/index.php?rest_route=\/wp\/v2\/types\/post"}],"author":[{"embeddable":true,"href":"https:\/\/noticiasregionais.com.br\/index.php?rest_route=\/wp\/v2\/users\/1"}],"replies":[{"embeddable":true,"href":"https:\/\/noticiasregionais.com.br\/index.php?rest_route=%2Fwp%2Fv2%2Fcomments&post=474"}],"version-history":[{"count":3,"href":"https:\/\/noticiasregionais.com.br\/index.php?rest_route=\/wp\/v2\/posts\/474\/revisions"}],"predecessor-version":[{"id":632,"href":"https:\/\/noticiasregionais.com.br\/index.php?rest_route=\/wp\/v2\/posts\/474\/revisions\/632"}],"wp:featuredmedia":[{"embeddable":true,"href":"https:\/\/noticiasregionais.com.br\/index.php?rest_route=\/wp\/v2\/media\/473"}],"wp:attachment":[{"href":"https:\/\/noticiasregionais.com.br\/index.php?rest_route=%2Fwp%2Fv2%2Fmedia&parent=474"}],"wp:term":[{"taxonomy":"category","embeddable":true,"href":"https:\/\/noticiasregionais.com.br\/index.php?rest_route=%2Fwp%2Fv2%2Fcategories&post=474"},{"taxonomy":"post_tag","embeddable":true,"href":"https:\/\/noticiasregionais.com.br\/index.php?rest_route=%2Fwp%2Fv2%2Ftags&post=474"}],"curies":[{"name":"wp","href":"https:\/\/api.w.org\/{rel}","templated":true}]}}