{"id":4743,"date":"2025-03-17T07:40:18","date_gmt":"2025-03-17T10:40:18","guid":{"rendered":"https:\/\/noticiasregionais.com.br\/?p=4743"},"modified":"2025-03-17T08:05:33","modified_gmt":"2025-03-17T11:05:33","slug":"atencao-prazo-final-para-entrega-de-documentos-do-subsidio-de-transporte-universitario-termina-amanha","status":"publish","type":"post","link":"https:\/\/noticiasregionais.com.br\/?p=4743","title":{"rendered":"Aten\u00e7\u00e3o! Prazo final para entrega de documentos do subs\u00eddio de transporte universit\u00e1rio termina amanh\u00e3"},"content":{"rendered":"\n<p>A Secretaria Municipal de Assist\u00eancia e Desenvolvimento Social refor\u00e7a que os estudantes ourinhenses interessados no subs\u00eddio de transporte universit\u00e1rio ou profissionalizante devem entregar a documenta\u00e7\u00e3o at\u00e9 amanh\u00e3, dia <strong>18 de mar\u00e7o<\/strong>.<\/p>\n\n\n\n<p>O programa garante 100% de subs\u00eddio para estudantes em situa\u00e7\u00e3o de pobreza e extrema pobreza, conforme previsto na Lei 6.716\/2022. Para aqueles com renda familiar de at\u00e9 meio sal\u00e1rio-m\u00ednimo, o benef\u00edcio ser\u00e1 de 60%, enquanto estudantes com renda de at\u00e9 3 sal\u00e1rios-m\u00ednimos poder\u00e3o receber 40% do valor do transporte.<\/p>\n\n\n\n<p>Para ser eleg\u00edvel, o estudante deve residir em Ourinhos h\u00e1 pelo menos dois anos, estar matriculado em sua primeira gradua\u00e7\u00e3o (se for curso superior) e possuir inscri\u00e7\u00e3o no Cadastro \u00danico do Governo Federal.<\/p>\n\n\n\n<p>Os interessados precisam preencher os formul\u00e1rios do <strong>Edital 03\/2025<\/strong> (publicado no Di\u00e1rio Oficial do Munic\u00edpio em 07\/03\/2025) e reunir todos os documentos comprobat\u00f3rios necess\u00e1rios. A entrega deve ser feita <strong>presencialmente at\u00e9 amanh\u00e3<\/strong> na sede da Secretaria, localizada na <strong>Rua dos Expedicion\u00e1rios, n\u00ba 580 &#8211; Centro<\/strong>, nos hor\u00e1rios das <strong>08h00 \u00e0s 12h00<\/strong> e das <strong>14h00 \u00e0s 17h00<\/strong>.<\/p>\n\n\n\n<p>O resultado est\u00e1 previsto para ser divulgado no dia <strong>21 de mar\u00e7o de 2025<\/strong>. Os estudantes contemplados receber\u00e3o o benef\u00edcio em dez parcelas e precisar\u00e3o apresentar mensalmente recibos de pagamento do transporte e declara\u00e7\u00e3o de matr\u00edcula, conforme as exig\u00eancias do edital.<\/p>\n\n\n\n<p>N\u00e3o perca o prazo! A documenta\u00e7\u00e3o deve ser entregue at\u00e9 amanh\u00e3 para garantir sua participa\u00e7\u00e3o no programa.<\/p>\n<input type=\"hidden\" id=\"baseurl\" value=\"https:\/\/noticiasregionais.com.br\"><input type=\"hidden\" id=\"audio_nonce\" value=\"62e6e21d74\">","protected":false},"excerpt":{"rendered":"<p>A Secretaria Municipal de Assist\u00eancia e Desenvolvimento Social refor\u00e7a que os estudantes ourinhenses interessados no subs\u00eddio de transporte universit\u00e1rio ou&hellip;<\/p>\n","protected":false},"author":1,"featured_media":4744,"comment_status":"closed","ping_status":"open","sticky":false,"template":"","format":"standard","meta":{"sfsi_plus_gutenberg_text_before_share":"","sfsi_plus_gutenberg_show_text_before_share":"","sfsi_plus_gutenberg_icon_type":"","sfsi_plus_gutenberg_icon_alignemt":"","sfsi_plus_gutenburg_max_per_row":"","footnotes":""},"categories":[1,10,5],"tags":[16],"class_list":["post-4743","post","type-post","status-publish","format-standard","has-post-thumbnail","hentry","category-noticias","category-destaques","category-ourinhos","tag-ourinhos"],"_links":{"self":[{"href":"https:\/\/noticiasregionais.com.br\/index.php?rest_route=\/wp\/v2\/posts\/4743","targetHints":{"allow":["GET"]}}],"collection":[{"href":"https:\/\/noticiasregionais.com.br\/index.php?rest_route=\/wp\/v2\/posts"}],"about":[{"href":"https:\/\/noticiasregionais.com.br\/index.php?rest_route=\/wp\/v2\/types\/post"}],"author":[{"embeddable":true,"href":"https:\/\/noticiasregionais.com.br\/index.php?rest_route=\/wp\/v2\/users\/1"}],"replies":[{"embeddable":true,"href":"https:\/\/noticiasregionais.com.br\/index.php?rest_route=%2Fwp%2Fv2%2Fcomments&post=4743"}],"version-history":[{"count":1,"href":"https:\/\/noticiasregionais.com.br\/index.php?rest_route=\/wp\/v2\/posts\/4743\/revisions"}],"predecessor-version":[{"id":4745,"href":"https:\/\/noticiasregionais.com.br\/index.php?rest_route=\/wp\/v2\/posts\/4743\/revisions\/4745"}],"wp:featuredmedia":[{"embeddable":true,"href":"https:\/\/noticiasregionais.com.br\/index.php?rest_route=\/wp\/v2\/media\/4744"}],"wp:attachment":[{"href":"https:\/\/noticiasregionais.com.br\/index.php?rest_route=%2Fwp%2Fv2%2Fmedia&parent=4743"}],"wp:term":[{"taxonomy":"category","embeddable":true,"href":"https:\/\/noticiasregionais.com.br\/index.php?rest_route=%2Fwp%2Fv2%2Fcategories&post=4743"},{"taxonomy":"post_tag","embeddable":true,"href":"https:\/\/noticiasregionais.com.br\/index.php?rest_route=%2Fwp%2Fv2%2Ftags&post=4743"}],"curies":[{"name":"wp","href":"https:\/\/api.w.org\/{rel}","templated":true}]}}