{"id":4746,"date":"2025-03-17T08:04:33","date_gmt":"2025-03-17T11:04:33","guid":{"rendered":"https:\/\/noticiasregionais.com.br\/?p=4746"},"modified":"2025-03-17T08:06:35","modified_gmt":"2025-03-17T11:06:35","slug":"projeto-amigas-do-peito-inaugura-espaco-aconchego-na-santa-casa-de-ourinhos","status":"publish","type":"post","link":"https:\/\/noticiasregionais.com.br\/?p=4746","title":{"rendered":"Projeto Amigas do Peito inaugura Espa\u00e7o Aconchego na Santa Casa de Ourinhos"},"content":{"rendered":"\n<p>A Unidade de Oncologia da Santa Casa de Ourinhos agora conta com um novo ambiente voltado ao acolhimento de pacientes em tratamento oncol\u00f3gico: o <strong>Espa\u00e7o Aconchego<\/strong>, inaugurado pelo Projeto Amigas do Peito.<\/p>\n\n\n\n<p>Criado para proporcionar conforto e apoio emocional, o espa\u00e7o \u00e9 resultado do Projeto Aconchego, que visa oferecer um ambiente humanizado e acolhedor para quem enfrenta os desafios do c\u00e2ncer. Com essa iniciativa, todas as atividades promovidas pelo grupo passam a ser centralizadas em um local especialmente preparado para atender os pacientes com mais proximidade e aten\u00e7\u00e3o.<\/p>\n\n\n\n<p>A localiza\u00e7\u00e3o estrat\u00e9gica do Espa\u00e7o Aconchego, pr\u00f3ximo \u00e0 equipe m\u00e9dica e de enfermagem, garante um suporte essencial nos momentos mais sens\u00edveis, como o diagn\u00f3stico e as primeiras sess\u00f5es de tratamento. Esse contato direto auxilia na redu\u00e7\u00e3o da ansiedade e do medo t\u00e3o comuns nesse per\u00edodo.<\/p>\n\n\n\n<p><strong>Uma iniciativa solid\u00e1ria que transforma vidas<\/strong><\/p>\n\n\n\n<p>O Projeto Amigas do Peito nasceu em 2017, quando um grupo de mulheres volunt\u00e1rias se uniu para oferecer apoio a pacientes oncol\u00f3gicos. Desde ent\u00e3o, a iniciativa tem sido um pilar de suporte emocional, social e informativo para aqueles que enfrentam essa jornada, tornando-se uma refer\u00eancia em Ourinhos e regi\u00e3o.<\/p>\n\n\n\n<p>Com palavras de incentivo, gestos de solidariedade e diversas a\u00e7\u00f5es voltadas \u00e0 humaniza\u00e7\u00e3o do tratamento, o projeto tem impactado muitas vidas. A inaugura\u00e7\u00e3o do Espa\u00e7o Aconchego representa mais um passo nessa miss\u00e3o de acolher e oferecer conforto a quem mais precisa.<\/p>\n<input type=\"hidden\" id=\"baseurl\" value=\"https:\/\/noticiasregionais.com.br\"><input type=\"hidden\" id=\"audio_nonce\" value=\"3cdc555a10\">","protected":false},"excerpt":{"rendered":"<p>A Unidade de Oncologia da Santa Casa de Ourinhos agora conta com um novo ambiente voltado ao acolhimento de pacientes&hellip;<\/p>\n","protected":false},"author":1,"featured_media":4747,"comment_status":"closed","ping_status":"open","sticky":false,"template":"","format":"standard","meta":{"sfsi_plus_gutenberg_text_before_share":"","sfsi_plus_gutenberg_show_text_before_share":"","sfsi_plus_gutenberg_icon_type":"","sfsi_plus_gutenberg_icon_alignemt":"","sfsi_plus_gutenburg_max_per_row":"","footnotes":""},"categories":[1,12,5],"tags":[16],"class_list":["post-4746","post","type-post","status-publish","format-standard","has-post-thumbnail","hentry","category-noticias","category-capa","category-ourinhos","tag-ourinhos"],"_links":{"self":[{"href":"https:\/\/noticiasregionais.com.br\/index.php?rest_route=\/wp\/v2\/posts\/4746","targetHints":{"allow":["GET"]}}],"collection":[{"href":"https:\/\/noticiasregionais.com.br\/index.php?rest_route=\/wp\/v2\/posts"}],"about":[{"href":"https:\/\/noticiasregionais.com.br\/index.php?rest_route=\/wp\/v2\/types\/post"}],"author":[{"embeddable":true,"href":"https:\/\/noticiasregionais.com.br\/index.php?rest_route=\/wp\/v2\/users\/1"}],"replies":[{"embeddable":true,"href":"https:\/\/noticiasregionais.com.br\/index.php?rest_route=%2Fwp%2Fv2%2Fcomments&post=4746"}],"version-history":[{"count":1,"href":"https:\/\/noticiasregionais.com.br\/index.php?rest_route=\/wp\/v2\/posts\/4746\/revisions"}],"predecessor-version":[{"id":4748,"href":"https:\/\/noticiasregionais.com.br\/index.php?rest_route=\/wp\/v2\/posts\/4746\/revisions\/4748"}],"wp:featuredmedia":[{"embeddable":true,"href":"https:\/\/noticiasregionais.com.br\/index.php?rest_route=\/wp\/v2\/media\/4747"}],"wp:attachment":[{"href":"https:\/\/noticiasregionais.com.br\/index.php?rest_route=%2Fwp%2Fv2%2Fmedia&parent=4746"}],"wp:term":[{"taxonomy":"category","embeddable":true,"href":"https:\/\/noticiasregionais.com.br\/index.php?rest_route=%2Fwp%2Fv2%2Fcategories&post=4746"},{"taxonomy":"post_tag","embeddable":true,"href":"https:\/\/noticiasregionais.com.br\/index.php?rest_route=%2Fwp%2Fv2%2Ftags&post=4746"}],"curies":[{"name":"wp","href":"https:\/\/api.w.org\/{rel}","templated":true}]}}