{"id":4753,"date":"2025-03-18T21:00:07","date_gmt":"2025-03-19T00:00:07","guid":{"rendered":"https:\/\/noticiasregionais.com.br\/?p=4753"},"modified":"2025-03-18T21:00:11","modified_gmt":"2025-03-19T00:00:11","slug":"curso-de-nutricao-da-estacio-ourinhos-formacao-de-excelencia-para-o-futuro-profissional-da-saude","status":"publish","type":"post","link":"https:\/\/noticiasregionais.com.br\/?p=4753","title":{"rendered":"Curso de Nutri\u00e7\u00e3o da Est\u00e1cio Ourinhos: Forma\u00e7\u00e3o de excel\u00eancia para o futuro profissional da sa\u00fade"},"content":{"rendered":"\n<p>O curso de Nutri\u00e7\u00e3o da Est\u00e1cio de S\u00e1 de Ourinhos se destaca como uma excelente op\u00e7\u00e3o para aqueles que desejam se tornar profissionais capacitados na \u00e1rea da sa\u00fade e bem-estar. Com uma abordagem que alia teoria e pr\u00e1tica, a gradua\u00e7\u00e3o prepara seus alunos para enfrentar os desafios do mercado de trabalho e se destacar em um setor cada vez mais valorizado.<\/p>\n\n\n\n<h3 class=\"wp-block-heading\">Infraestrutura de Ponta<\/h3>\n\n\n\n<p>A institui\u00e7\u00e3o conta com uma infraestrutura moderna e bem equipada, proporcionando aos estudantes um aprendizado pr\u00e1tico essencial. Entre os principais destaques est\u00e3o a cozinha industrial e o laborat\u00f3rio diet\u00e9tico, espa\u00e7os projetados para o desenvolvimento de habilidades em planejamento e preparo de refei\u00e7\u00f5es. Esses ambientes permitem a viv\u00eancia de situa\u00e7\u00f5es reais de trabalho, ensinando desde a manipula\u00e7\u00e3o de alimentos at\u00e9 a elabora\u00e7\u00e3o de dietas equilibradas e saud\u00e1veis.<\/p>\n\n\n\n<h3 class=\"wp-block-heading\">Impacto na Comunidade<\/h3>\n\n\n\n<p>O compromisso da Est\u00e1cio de S\u00e1 de Ourinhos com a comunidade \u00e9 um diferencial do curso de Nutri\u00e7\u00e3o. Os alunos participam ativamente de projetos de extens\u00e3o e a\u00e7\u00f5es sociais, promovendo a conscientiza\u00e7\u00e3o sobre a import\u00e2ncia da alimenta\u00e7\u00e3o saud\u00e1vel. Campanhas, oficinas de culin\u00e1ria e atendimentos nutricionais em parceria com institui\u00e7\u00f5es locais s\u00e3o algumas das iniciativas que beneficiam tanto os estudantes quanto a popula\u00e7\u00e3o de Ourinhos e regi\u00e3o.<\/p>\n\n\n\n<h3 class=\"wp-block-heading\">Forma\u00e7\u00e3o Completa e Atualizada<\/h3>\n\n\n\n<p>Com um corpo docente qualificado e experiente, o curso oferece uma forma\u00e7\u00e3o abrangente que engloba \u00e1reas como nutri\u00e7\u00e3o cl\u00ednica, avalia\u00e7\u00e3o nutricional, nutri\u00e7\u00e3o esportiva e t\u00e9cnica diet\u00e9tica. Al\u00e9m do ensino tradicional, os alunos tamb\u00e9m participam de palestras, workshops e est\u00e1gios, adquirindo experi\u00eancia pr\u00e1tica e ampliando suas possibilidades de atua\u00e7\u00e3o profissional.<\/p>\n\n\n\n<h3 class=\"wp-block-heading\">Escolha Ideal para o Futuro<\/h3>\n\n\n\n<p>O curso de Nutri\u00e7\u00e3o da Est\u00e1cio de S\u00e1 de Ourinhos se destaca pelo compromisso com a qualidade e inova\u00e7\u00e3o no ensino. Com uma estrutura moderna, impacto positivo na comunidade e forma\u00e7\u00e3o de alto n\u00edvel, a gradua\u00e7\u00e3o \u00e9 a escolha ideal para quem deseja se tornar um profissional de refer\u00eancia na \u00e1rea da nutri\u00e7\u00e3o.<\/p>\n\n\n\n<figure class=\"wp-block-gallery has-nested-images columns-default is-cropped wp-block-gallery-1 is-layout-flex wp-block-gallery-is-layout-flex\">\n<figure class=\"wp-block-image size-large\"><img decoding=\"async\" width=\"1024\" height=\"1024\" data-id=\"4755\" src=\"https:\/\/noticiasregionais.com.br\/wp-content\/uploads\/2025\/03\/WhatsApp-Image-2025-03-18-at-14.44.39-1024x1024.jpeg\" alt=\"\" class=\"wp-image-4755\" srcset=\"https:\/\/noticiasregionais.com.br\/wp-content\/uploads\/2025\/03\/WhatsApp-Image-2025-03-18-at-14.44.39-1024x1024.jpeg 1024w, https:\/\/noticiasregionais.com.br\/wp-content\/uploads\/2025\/03\/WhatsApp-Image-2025-03-18-at-14.44.39-300x300.jpeg 300w, https:\/\/noticiasregionais.com.br\/wp-content\/uploads\/2025\/03\/WhatsApp-Image-2025-03-18-at-14.44.39-150x150.jpeg 150w, https:\/\/noticiasregionais.com.br\/wp-content\/uploads\/2025\/03\/WhatsApp-Image-2025-03-18-at-14.44.39-768x768.jpeg 768w, https:\/\/noticiasregionais.com.br\/wp-content\/uploads\/2025\/03\/WhatsApp-Image-2025-03-18-at-14.44.39.jpeg 1280w\" sizes=\"(max-width: 1024px) 100vw, 1024px\" \/><\/figure>\n\n\n\n<figure class=\"wp-block-image size-large\"><img decoding=\"async\" width=\"1024\" height=\"1024\" data-id=\"4756\" src=\"https:\/\/noticiasregionais.com.br\/wp-content\/uploads\/2025\/03\/WhatsApp-Image-2025-03-18-at-14.44.38-1024x1024.jpeg\" alt=\"\" class=\"wp-image-4756\" srcset=\"https:\/\/noticiasregionais.com.br\/wp-content\/uploads\/2025\/03\/WhatsApp-Image-2025-03-18-at-14.44.38-1024x1024.jpeg 1024w, https:\/\/noticiasregionais.com.br\/wp-content\/uploads\/2025\/03\/WhatsApp-Image-2025-03-18-at-14.44.38-300x300.jpeg 300w, https:\/\/noticiasregionais.com.br\/wp-content\/uploads\/2025\/03\/WhatsApp-Image-2025-03-18-at-14.44.38-150x150.jpeg 150w, https:\/\/noticiasregionais.com.br\/wp-content\/uploads\/2025\/03\/WhatsApp-Image-2025-03-18-at-14.44.38-768x768.jpeg 768w, https:\/\/noticiasregionais.com.br\/wp-content\/uploads\/2025\/03\/WhatsApp-Image-2025-03-18-at-14.44.38.jpeg 1280w\" sizes=\"(max-width: 1024px) 100vw, 1024px\" \/><\/figure>\n<\/figure>\n<input type=\"hidden\" id=\"baseurl\" value=\"https:\/\/noticiasregionais.com.br\"><input type=\"hidden\" id=\"audio_nonce\" value=\"533fbb67b1\">","protected":false},"excerpt":{"rendered":"<p>O curso de Nutri\u00e7\u00e3o da Est\u00e1cio de S\u00e1 de Ourinhos se destaca como uma excelente op\u00e7\u00e3o para aqueles que desejam&hellip;<\/p>\n","protected":false},"author":1,"featured_media":4754,"comment_status":"closed","ping_status":"open","sticky":false,"template":"","format":"standard","meta":{"sfsi_plus_gutenberg_text_before_share":"","sfsi_plus_gutenberg_show_text_before_share":"","sfsi_plus_gutenberg_icon_type":"","sfsi_plus_gutenberg_icon_alignemt":"","sfsi_plus_gutenburg_max_per_row":"","footnotes":""},"categories":[5,12,1],"tags":[16],"class_list":["post-4753","post","type-post","status-publish","format-standard","has-post-thumbnail","hentry","category-ourinhos","category-capa","category-noticias","tag-ourinhos"],"_links":{"self":[{"href":"https:\/\/noticiasregionais.com.br\/index.php?rest_route=\/wp\/v2\/posts\/4753","targetHints":{"allow":["GET"]}}],"collection":[{"href":"https:\/\/noticiasregionais.com.br\/index.php?rest_route=\/wp\/v2\/posts"}],"about":[{"href":"https:\/\/noticiasregionais.com.br\/index.php?rest_route=\/wp\/v2\/types\/post"}],"author":[{"embeddable":true,"href":"https:\/\/noticiasregionais.com.br\/index.php?rest_route=\/wp\/v2\/users\/1"}],"replies":[{"embeddable":true,"href":"https:\/\/noticiasregionais.com.br\/index.php?rest_route=%2Fwp%2Fv2%2Fcomments&post=4753"}],"version-history":[{"count":1,"href":"https:\/\/noticiasregionais.com.br\/index.php?rest_route=\/wp\/v2\/posts\/4753\/revisions"}],"predecessor-version":[{"id":4757,"href":"https:\/\/noticiasregionais.com.br\/index.php?rest_route=\/wp\/v2\/posts\/4753\/revisions\/4757"}],"wp:featuredmedia":[{"embeddable":true,"href":"https:\/\/noticiasregionais.com.br\/index.php?rest_route=\/wp\/v2\/media\/4754"}],"wp:attachment":[{"href":"https:\/\/noticiasregionais.com.br\/index.php?rest_route=%2Fwp%2Fv2%2Fmedia&parent=4753"}],"wp:term":[{"taxonomy":"category","embeddable":true,"href":"https:\/\/noticiasregionais.com.br\/index.php?rest_route=%2Fwp%2Fv2%2Fcategories&post=4753"},{"taxonomy":"post_tag","embeddable":true,"href":"https:\/\/noticiasregionais.com.br\/index.php?rest_route=%2Fwp%2Fv2%2Ftags&post=4753"}],"curies":[{"name":"wp","href":"https:\/\/api.w.org\/{rel}","templated":true}]}}