{"id":4758,"date":"2025-03-18T21:34:37","date_gmt":"2025-03-19T00:34:37","guid":{"rendered":"https:\/\/noticiasregionais.com.br\/?p=4758"},"modified":"2025-03-18T21:34:41","modified_gmt":"2025-03-19T00:34:41","slug":"presidente-da-camara-propoe-ampliacao-do-canteiro-central-na-avenida-jacinto-sa","status":"publish","type":"post","link":"https:\/\/noticiasregionais.com.br\/?p=4758","title":{"rendered":"Presidente da C\u00e2mara prop\u00f5e amplia\u00e7\u00e3o do canteiro central na Avenida Jacinto S\u00e1"},"content":{"rendered":"\n<p>Com o objetivo de melhorar a seguran\u00e7a vi\u00e1ria e otimizar o fluxo de tr\u00e2nsito, o vereador e Presidente da C\u00e2mara de Ourinhos, C\u00edcero Investigador, apresentou o Requerimento n\u00ba 459\/2025. A solicita\u00e7\u00e3o prop\u00f5e a extens\u00e3o do canteiro central da Avenida Jacinto S\u00e1 no trecho que atravessa a Vila S\u00e2ndano.<\/p>\n\n\n\n<p>Durante a 7\u00aa Sess\u00e3o Ordin\u00e1ria, C\u00edcero destacou que o canteiro j\u00e1 existente come\u00e7a na esquina da Rua Jer\u00f4nimo Althero Filho e se estende at\u00e9 a rotat\u00f3ria que conecta a Rua Rafael Cassetari com a Avenida Jacinto Ferreira de S\u00e1. \u201cNa parte superior do pontilh\u00e3o, a separa\u00e7\u00e3o das vias tem contribu\u00eddo para a preven\u00e7\u00e3o de acidentes, mas na parte inferior ainda enfrentamos muitos desafios\u201d, ressaltou.<\/p>\n\n\n\n<p>Morador da regi\u00e3o h\u00e1 mais de 50 anos, o vereador conhece bem os problemas enfrentados pelos condutores. \u201cA amplia\u00e7\u00e3o do canteiro central traria mais organiza\u00e7\u00e3o ao tr\u00e2nsito, facilitando o deslocamento de ve\u00edculos pelos bairros pr\u00f3ximos. J\u00e1 apresentei essa demanda \u00e0 Secretaria de Planejamento e espero que a gest\u00e3o municipal aprove a execu\u00e7\u00e3o da obra\u201d, afirmou.<\/p>\n\n\n\n<h3 class=\"wp-block-heading\">Limpeza no Jardim Nazareth<\/h3>\n\n\n\n<p>Al\u00e9m da proposta para a Avenida Jacinto S\u00e1, o Presidente da C\u00e2mara tamb\u00e9m encaminhou o Requerimento n\u00ba 462\/2025, solicitando esclarecimentos \u00e0 Secretaria de Zeladoria e Urbanismo sobre o cronograma de ro\u00e7ada e limpeza no Jardim Nazareth.<\/p>\n\n\n\n<p>C\u00edcero apresentou imagens da \u00e1rea, evidenciando a necessidade de manuten\u00e7\u00e3o. \u201cO DER realizou a limpeza em parte do local, mas a \u00e1rea sob responsabilidade da Prefeitura, pr\u00f3xima \u00e0 Rua Bernardo Bozon Verduraz, continua sem os devidos cuidados\u201d, alertou.<\/p>\n\n\n\n<p>O vereador enfatizou a relev\u00e2ncia de a\u00e7\u00f5es que promovam a limpeza urbana e o combate \u00e0 Dengue. \u201cO ac\u00famulo de mato, sujeira e lixo cria um ambiente prop\u00edcio para a prolifera\u00e7\u00e3o do mosquito transmissor da doen\u00e7a. Essa quest\u00e3o deve ser tratada como prioridade pelo governo municipal\u201d, concluiu.<\/p>\n\n\n\n<figure class=\"wp-block-image size-large\"><img decoding=\"async\" width=\"1024\" height=\"1024\" src=\"https:\/\/noticiasregionais.com.br\/wp-content\/uploads\/2025\/03\/WhatsApp-Image-2025-03-18-at-18.56.37-1024x1024.jpeg\" alt=\"\" class=\"wp-image-4761\" srcset=\"https:\/\/noticiasregionais.com.br\/wp-content\/uploads\/2025\/03\/WhatsApp-Image-2025-03-18-at-18.56.37-1024x1024.jpeg 1024w, https:\/\/noticiasregionais.com.br\/wp-content\/uploads\/2025\/03\/WhatsApp-Image-2025-03-18-at-18.56.37-300x300.jpeg 300w, https:\/\/noticiasregionais.com.br\/wp-content\/uploads\/2025\/03\/WhatsApp-Image-2025-03-18-at-18.56.37-150x150.jpeg 150w, https:\/\/noticiasregionais.com.br\/wp-content\/uploads\/2025\/03\/WhatsApp-Image-2025-03-18-at-18.56.37-768x768.jpeg 768w, https:\/\/noticiasregionais.com.br\/wp-content\/uploads\/2025\/03\/WhatsApp-Image-2025-03-18-at-18.56.37.jpeg 1280w\" sizes=\"(max-width: 1024px) 100vw, 1024px\" \/><\/figure>\n<input type=\"hidden\" id=\"baseurl\" value=\"https:\/\/noticiasregionais.com.br\"><input type=\"hidden\" id=\"audio_nonce\" value=\"3cdc555a10\">","protected":false},"excerpt":{"rendered":"<p>Com o objetivo de melhorar a seguran\u00e7a vi\u00e1ria e otimizar o fluxo de tr\u00e2nsito, o vereador e Presidente da C\u00e2mara&hellip;<\/p>\n","protected":false},"author":1,"featured_media":4760,"comment_status":"closed","ping_status":"open","sticky":false,"template":"","format":"standard","meta":{"sfsi_plus_gutenberg_text_before_share":"","sfsi_plus_gutenberg_show_text_before_share":"","sfsi_plus_gutenberg_icon_type":"","sfsi_plus_gutenberg_icon_alignemt":"","sfsi_plus_gutenburg_max_per_row":"","footnotes":""},"categories":[5,10,1],"tags":[],"class_list":["post-4758","post","type-post","status-publish","format-standard","has-post-thumbnail","hentry","category-ourinhos","category-destaques","category-noticias"],"_links":{"self":[{"href":"https:\/\/noticiasregionais.com.br\/index.php?rest_route=\/wp\/v2\/posts\/4758","targetHints":{"allow":["GET"]}}],"collection":[{"href":"https:\/\/noticiasregionais.com.br\/index.php?rest_route=\/wp\/v2\/posts"}],"about":[{"href":"https:\/\/noticiasregionais.com.br\/index.php?rest_route=\/wp\/v2\/types\/post"}],"author":[{"embeddable":true,"href":"https:\/\/noticiasregionais.com.br\/index.php?rest_route=\/wp\/v2\/users\/1"}],"replies":[{"embeddable":true,"href":"https:\/\/noticiasregionais.com.br\/index.php?rest_route=%2Fwp%2Fv2%2Fcomments&post=4758"}],"version-history":[{"count":1,"href":"https:\/\/noticiasregionais.com.br\/index.php?rest_route=\/wp\/v2\/posts\/4758\/revisions"}],"predecessor-version":[{"id":4762,"href":"https:\/\/noticiasregionais.com.br\/index.php?rest_route=\/wp\/v2\/posts\/4758\/revisions\/4762"}],"wp:featuredmedia":[{"embeddable":true,"href":"https:\/\/noticiasregionais.com.br\/index.php?rest_route=\/wp\/v2\/media\/4760"}],"wp:attachment":[{"href":"https:\/\/noticiasregionais.com.br\/index.php?rest_route=%2Fwp%2Fv2%2Fmedia&parent=4758"}],"wp:term":[{"taxonomy":"category","embeddable":true,"href":"https:\/\/noticiasregionais.com.br\/index.php?rest_route=%2Fwp%2Fv2%2Fcategories&post=4758"},{"taxonomy":"post_tag","embeddable":true,"href":"https:\/\/noticiasregionais.com.br\/index.php?rest_route=%2Fwp%2Fv2%2Ftags&post=4758"}],"curies":[{"name":"wp","href":"https:\/\/api.w.org\/{rel}","templated":true}]}}