{"id":4763,"date":"2025-03-19T21:08:28","date_gmt":"2025-03-20T00:08:28","guid":{"rendered":"https:\/\/noticiasregionais.com.br\/?p=4763"},"modified":"2025-03-19T21:18:09","modified_gmt":"2025-03-20T00:18:09","slug":"pm-apreende-mais-de-um-quilo-de-maconha-com-apoio-de-caes-farejadores-do-baep-em-ourinhos","status":"publish","type":"post","link":"https:\/\/noticiasregionais.com.br\/?p=4763","title":{"rendered":"PM apreende mais de um quilo de maconha com apoio de c\u00e3es farejadores do BAEP em Ourinhos"},"content":{"rendered":"\n<p>Ourinhos, SP \u2013 Na tarde desta ter\u00e7a-feira (19), a Equipe K-9 do 13\u00ba Batalh\u00e3o de A\u00e7\u00f5es Especiais de Pol\u00edcia (BAEP) realizou uma apreens\u00e3o significativa de drogas na Rua Manoel Costa Ducca, n\u00famero 118, no bairro Itajubi, em Ourinhos. A a\u00e7\u00e3o ocorreu por volta das 18h, em uma \u00e1rea de mata frequentemente mencionada em den\u00fancias sobre armazenamento de entorpecentes.<\/p>\n\n\n\n<p>Durante patrulhamento especializado, os policiais empregaram c\u00e3es farejadores, que localizaram uma sacola pl\u00e1stica contendo uma grande quantidade de maconha. No interior do pacote foram encontrados:<\/p>\n\n\n\n<ul class=\"wp-block-list\">\n<li>01 por\u00e7\u00e3o maior da droga;<\/li>\n\n\n\n<li>02 tabletes de maconha;<\/li>\n\n\n\n<li>89 por\u00e7\u00f5es menores embaladas em sacos tipo &#8220;ziploc&#8221; transparente;<\/li>\n\n\n\n<li>101 por\u00e7\u00f5es tamb\u00e9m embaladas em &#8220;ziploc&#8221; adesivado, prontas para venda;<\/li>\n\n\n\n<li>02 balan\u00e7as digitais de precis\u00e3o.<\/li>\n<\/ul>\n\n\n\n<p>Ao todo, foram apreendidos 1,323 kg de maconha. Todo o material foi apresentado na Central de Pol\u00edcia Judici\u00e1ria (CPJ) de Ourinhos, onde os objetos permaneceram apreendidos para investiga\u00e7\u00e3o.<\/p>\n\n\n\n<p>A a\u00e7\u00e3o contou com a atua\u00e7\u00e3o dos policiais militares Cb PM Marco Ant\u00f4nio (comandante), Cb PM Giroldo (motorista) e Cb PM Teixeira (seguran\u00e7a), refor\u00e7ando o compromisso da corpora\u00e7\u00e3o no combate ao tr\u00e1fico de drogas na regi\u00e3o.<\/p>\n\n\n<div class=\"wp-block-image\">\n<figure class=\"aligncenter size-large\"><img decoding=\"async\" width=\"768\" height=\"1024\" src=\"https:\/\/noticiasregionais.com.br\/wp-content\/uploads\/2025\/03\/WhatsApp-Image-2025-03-19-at-21.00.20-768x1024.jpeg\" alt=\"\" class=\"wp-image-4766\" srcset=\"https:\/\/noticiasregionais.com.br\/wp-content\/uploads\/2025\/03\/WhatsApp-Image-2025-03-19-at-21.00.20-768x1024.jpeg 768w, https:\/\/noticiasregionais.com.br\/wp-content\/uploads\/2025\/03\/WhatsApp-Image-2025-03-19-at-21.00.20-225x300.jpeg 225w, https:\/\/noticiasregionais.com.br\/wp-content\/uploads\/2025\/03\/WhatsApp-Image-2025-03-19-at-21.00.20.jpeg 960w\" sizes=\"(max-width: 768px) 100vw, 768px\" \/><\/figure>\n<\/div><input type=\"hidden\" id=\"baseurl\" value=\"https:\/\/noticiasregionais.com.br\"><input type=\"hidden\" id=\"audio_nonce\" value=\"533fbb67b1\">","protected":false},"excerpt":{"rendered":"<p>Ourinhos, SP \u2013 Na tarde desta ter\u00e7a-feira (19), a Equipe K-9 do 13\u00ba Batalh\u00e3o de A\u00e7\u00f5es Especiais de Pol\u00edcia (BAEP)&hellip;<\/p>\n","protected":false},"author":1,"featured_media":4764,"comment_status":"closed","ping_status":"open","sticky":false,"template":"","format":"standard","meta":{"sfsi_plus_gutenberg_text_before_share":"","sfsi_plus_gutenberg_show_text_before_share":"","sfsi_plus_gutenberg_icon_type":"","sfsi_plus_gutenberg_icon_alignemt":"","sfsi_plus_gutenburg_max_per_row":"","footnotes":""},"categories":[12,1,5],"tags":[],"class_list":["post-4763","post","type-post","status-publish","format-standard","has-post-thumbnail","hentry","category-capa","category-noticias","category-ourinhos"],"_links":{"self":[{"href":"https:\/\/noticiasregionais.com.br\/index.php?rest_route=\/wp\/v2\/posts\/4763","targetHints":{"allow":["GET"]}}],"collection":[{"href":"https:\/\/noticiasregionais.com.br\/index.php?rest_route=\/wp\/v2\/posts"}],"about":[{"href":"https:\/\/noticiasregionais.com.br\/index.php?rest_route=\/wp\/v2\/types\/post"}],"author":[{"embeddable":true,"href":"https:\/\/noticiasregionais.com.br\/index.php?rest_route=\/wp\/v2\/users\/1"}],"replies":[{"embeddable":true,"href":"https:\/\/noticiasregionais.com.br\/index.php?rest_route=%2Fwp%2Fv2%2Fcomments&post=4763"}],"version-history":[{"count":1,"href":"https:\/\/noticiasregionais.com.br\/index.php?rest_route=\/wp\/v2\/posts\/4763\/revisions"}],"predecessor-version":[{"id":4767,"href":"https:\/\/noticiasregionais.com.br\/index.php?rest_route=\/wp\/v2\/posts\/4763\/revisions\/4767"}],"wp:featuredmedia":[{"embeddable":true,"href":"https:\/\/noticiasregionais.com.br\/index.php?rest_route=\/wp\/v2\/media\/4764"}],"wp:attachment":[{"href":"https:\/\/noticiasregionais.com.br\/index.php?rest_route=%2Fwp%2Fv2%2Fmedia&parent=4763"}],"wp:term":[{"taxonomy":"category","embeddable":true,"href":"https:\/\/noticiasregionais.com.br\/index.php?rest_route=%2Fwp%2Fv2%2Fcategories&post=4763"},{"taxonomy":"post_tag","embeddable":true,"href":"https:\/\/noticiasregionais.com.br\/index.php?rest_route=%2Fwp%2Fv2%2Ftags&post=4763"}],"curies":[{"name":"wp","href":"https:\/\/api.w.org\/{rel}","templated":true}]}}