{"id":4777,"date":"2025-03-20T21:04:11","date_gmt":"2025-03-21T00:04:11","guid":{"rendered":"https:\/\/noticiasregionais.com.br\/?p=4777"},"modified":"2025-03-20T21:04:13","modified_gmt":"2025-03-21T00:04:13","slug":"centro-de-ensino-da-santa-casa-oferece-bolsas-integrais-para-cursos-na-area-da-saude","status":"publish","type":"post","link":"https:\/\/noticiasregionais.com.br\/?p=4777","title":{"rendered":"Centro de Ensino da Santa Casa oferece bolsas integrais para cursos na \u00e1rea da sa\u00fade"},"content":{"rendered":"\n<p>Para quem deseja iniciar uma carreira na \u00e1rea da sa\u00fade, o Centro de Ensino Enf\u00aa. Eliska Sedl\u00e1k, da Santa Casa de Ourinhos, est\u00e1 com inscri\u00e7\u00f5es abertas para um concurso que concede bolsas de estudo 100% integrais.<\/p>\n\n\n\n<p>Os cursos contemplados s\u00e3o Auxiliar e T\u00e9cnico em Enfermagem, al\u00e9m de Instrumenta\u00e7\u00e3o Cir\u00fargica.<\/p>\n\n\n\n<p>As inscri\u00e7\u00f5es podem ser feitas at\u00e9 o dia 24 de mar\u00e7o por meio do link:<\/p>\n\n\n\n<p>\ud83d\udc49 <a href=\"https:\/\/forms.gle\/aeDZnretVYrtNzSA7\" target=\"_blank\" rel=\"noopener\">https:\/\/forms.gle\/aeDZnretVYrtNzSA7<\/a><\/p>\n\n\n\n<p>Para mais informa\u00e7\u00f5es, entre em contato pelo telefone: (14) 99636-0631.<\/p>\n\n\n\n<p>N\u00e3o perca essa chance de investir no seu futuro profissional!<\/p>\n<input type=\"hidden\" id=\"baseurl\" value=\"https:\/\/noticiasregionais.com.br\"><input type=\"hidden\" id=\"audio_nonce\" value=\"533fbb67b1\">","protected":false},"excerpt":{"rendered":"<p>Para quem deseja iniciar uma carreira na \u00e1rea da sa\u00fade, o Centro de Ensino Enf\u00aa. Eliska Sedl\u00e1k, da Santa Casa&hellip;<\/p>\n","protected":false},"author":1,"featured_media":4778,"comment_status":"closed","ping_status":"open","sticky":false,"template":"","format":"standard","meta":{"sfsi_plus_gutenberg_text_before_share":"","sfsi_plus_gutenberg_show_text_before_share":"","sfsi_plus_gutenberg_icon_type":"","sfsi_plus_gutenberg_icon_alignemt":"","sfsi_plus_gutenburg_max_per_row":"","footnotes":""},"categories":[5,10,1],"tags":[],"class_list":["post-4777","post","type-post","status-publish","format-standard","has-post-thumbnail","hentry","category-ourinhos","category-destaques","category-noticias"],"_links":{"self":[{"href":"https:\/\/noticiasregionais.com.br\/index.php?rest_route=\/wp\/v2\/posts\/4777","targetHints":{"allow":["GET"]}}],"collection":[{"href":"https:\/\/noticiasregionais.com.br\/index.php?rest_route=\/wp\/v2\/posts"}],"about":[{"href":"https:\/\/noticiasregionais.com.br\/index.php?rest_route=\/wp\/v2\/types\/post"}],"author":[{"embeddable":true,"href":"https:\/\/noticiasregionais.com.br\/index.php?rest_route=\/wp\/v2\/users\/1"}],"replies":[{"embeddable":true,"href":"https:\/\/noticiasregionais.com.br\/index.php?rest_route=%2Fwp%2Fv2%2Fcomments&post=4777"}],"version-history":[{"count":1,"href":"https:\/\/noticiasregionais.com.br\/index.php?rest_route=\/wp\/v2\/posts\/4777\/revisions"}],"predecessor-version":[{"id":4779,"href":"https:\/\/noticiasregionais.com.br\/index.php?rest_route=\/wp\/v2\/posts\/4777\/revisions\/4779"}],"wp:featuredmedia":[{"embeddable":true,"href":"https:\/\/noticiasregionais.com.br\/index.php?rest_route=\/wp\/v2\/media\/4778"}],"wp:attachment":[{"href":"https:\/\/noticiasregionais.com.br\/index.php?rest_route=%2Fwp%2Fv2%2Fmedia&parent=4777"}],"wp:term":[{"taxonomy":"category","embeddable":true,"href":"https:\/\/noticiasregionais.com.br\/index.php?rest_route=%2Fwp%2Fv2%2Fcategories&post=4777"},{"taxonomy":"post_tag","embeddable":true,"href":"https:\/\/noticiasregionais.com.br\/index.php?rest_route=%2Fwp%2Fv2%2Ftags&post=4777"}],"curies":[{"name":"wp","href":"https:\/\/api.w.org\/{rel}","templated":true}]}}