{"id":4780,"date":"2025-03-20T21:23:26","date_gmt":"2025-03-21T00:23:26","guid":{"rendered":"https:\/\/noticiasregionais.com.br\/?p=4780"},"modified":"2025-03-20T21:23:30","modified_gmt":"2025-03-21T00:23:30","slug":"empresas-tem-ate-sexta-feira-para-aderir-a-renegociacao-de-dividas-com-a-uniao-alerta-presidente-da-ace","status":"publish","type":"post","link":"https:\/\/noticiasregionais.com.br\/?p=4780","title":{"rendered":"Empresas t\u00eam at\u00e9 sexta-feira para aderir \u00e0 renegocia\u00e7\u00e3o de d\u00edvidas com a Uni\u00e3o, alerta presidente da ACE"},"content":{"rendered":"\n<p>O prazo para participar da Semana Nacional de Regulariza\u00e7\u00e3o de D\u00edvidas com a Uni\u00e3o termina nesta sexta-feira (21). O presidente da ACE Ourinhos, Eng\u00ba Robson Martuchi, refor\u00e7a a import\u00e2ncia da iniciativa, que oferece condi\u00e7\u00f5es especiais para renegociar d\u00e9bitos com o governo.<\/p>\n\n\n\n<p>\u201cO programa permite descontos de at\u00e9 65% sobre juros, multas e encargos, al\u00e9m da possibilidade de parcelamento em at\u00e9 114 vezes. Os interessados devem acessar o Portal Regularize at\u00e9 as 19h desta sexta-feira para aderir\u201d, explica Martuchi.<\/p>\n\n\n\n<p>Podem participar tanto empresas quanto pessoas f\u00edsicas com d\u00e9bitos inscritos na d\u00edvida ativa da Uni\u00e3o, incluindo aqueles que j\u00e1 est\u00e3o em cobran\u00e7a judicial, que tiveram parcelamentos anteriores cancelados ou que est\u00e3o com cobran\u00e7a suspensa temporariamente.<\/p>\n\n\n\n<p>Segundo Martuchi, a regulariza\u00e7\u00e3o traz diversos benef\u00edcios. \u201cEvitar bloqueios e cobran\u00e7as judiciais, facilitar a emiss\u00e3o de certid\u00f5es, reduzir encargos e recuperar cr\u00e9dito no mercado s\u00e3o algumas das vantagens para os empreendedores que aproveitarem essa oportunidade\u201d, destaca.<\/p>\n<input type=\"hidden\" id=\"baseurl\" value=\"https:\/\/noticiasregionais.com.br\"><input type=\"hidden\" id=\"audio_nonce\" value=\"533fbb67b1\">","protected":false},"excerpt":{"rendered":"<p>O prazo para participar da Semana Nacional de Regulariza\u00e7\u00e3o de D\u00edvidas com a Uni\u00e3o termina nesta sexta-feira (21). O presidente&hellip;<\/p>\n","protected":false},"author":1,"featured_media":4781,"comment_status":"closed","ping_status":"open","sticky":false,"template":"","format":"standard","meta":{"sfsi_plus_gutenberg_text_before_share":"","sfsi_plus_gutenberg_show_text_before_share":"","sfsi_plus_gutenberg_icon_type":"","sfsi_plus_gutenberg_icon_alignemt":"","sfsi_plus_gutenburg_max_per_row":"","footnotes":""},"categories":[5,10,1],"tags":[],"class_list":["post-4780","post","type-post","status-publish","format-standard","has-post-thumbnail","hentry","category-ourinhos","category-destaques","category-noticias"],"_links":{"self":[{"href":"https:\/\/noticiasregionais.com.br\/index.php?rest_route=\/wp\/v2\/posts\/4780","targetHints":{"allow":["GET"]}}],"collection":[{"href":"https:\/\/noticiasregionais.com.br\/index.php?rest_route=\/wp\/v2\/posts"}],"about":[{"href":"https:\/\/noticiasregionais.com.br\/index.php?rest_route=\/wp\/v2\/types\/post"}],"author":[{"embeddable":true,"href":"https:\/\/noticiasregionais.com.br\/index.php?rest_route=\/wp\/v2\/users\/1"}],"replies":[{"embeddable":true,"href":"https:\/\/noticiasregionais.com.br\/index.php?rest_route=%2Fwp%2Fv2%2Fcomments&post=4780"}],"version-history":[{"count":1,"href":"https:\/\/noticiasregionais.com.br\/index.php?rest_route=\/wp\/v2\/posts\/4780\/revisions"}],"predecessor-version":[{"id":4782,"href":"https:\/\/noticiasregionais.com.br\/index.php?rest_route=\/wp\/v2\/posts\/4780\/revisions\/4782"}],"wp:featuredmedia":[{"embeddable":true,"href":"https:\/\/noticiasregionais.com.br\/index.php?rest_route=\/wp\/v2\/media\/4781"}],"wp:attachment":[{"href":"https:\/\/noticiasregionais.com.br\/index.php?rest_route=%2Fwp%2Fv2%2Fmedia&parent=4780"}],"wp:term":[{"taxonomy":"category","embeddable":true,"href":"https:\/\/noticiasregionais.com.br\/index.php?rest_route=%2Fwp%2Fv2%2Fcategories&post=4780"},{"taxonomy":"post_tag","embeddable":true,"href":"https:\/\/noticiasregionais.com.br\/index.php?rest_route=%2Fwp%2Fv2%2Ftags&post=4780"}],"curies":[{"name":"wp","href":"https:\/\/api.w.org\/{rel}","templated":true}]}}