{"id":4783,"date":"2025-03-20T21:40:49","date_gmt":"2025-03-21T00:40:49","guid":{"rendered":"https:\/\/noticiasregionais.com.br\/?p=4783"},"modified":"2025-03-20T21:40:52","modified_gmt":"2025-03-21T00:40:52","slug":"pm-e-crf-realizam-fiscalizacao-em-jacarezinho-e-apreendem-medicamentos-irregulares","status":"publish","type":"post","link":"https:\/\/noticiasregionais.com.br\/?p=4783","title":{"rendered":"PM e CRF realizam fiscaliza\u00e7\u00e3o em Jacarezinho e apreendem medicamentos irregulares"},"content":{"rendered":"\n<p>Na noite desta ter\u00e7a-feira (19), uma opera\u00e7\u00e3o conjunta entre a Pol\u00edcia Militar do Paran\u00e1 e o Conselho Regional de Farm\u00e1cia resultou na apreens\u00e3o de 1.425 medicamentos armazenados irregularmente e na pris\u00e3o de uma funcion\u00e1ria de um estabelecimento comercial na Rua Jos\u00e9 Benedito Gonzaga, no bairro Jardim Scyllas Peixoto, em Jacarezinho.<\/p>\n\n\n\n<p>A a\u00e7\u00e3o foi desencadeada ap\u00f3s den\u00fancias de que o local estaria comercializando medicamentos sem autoriza\u00e7\u00e3o. Inicialmente, os respons\u00e1veis alegaram que a loja vendia apenas produtos cosm\u00e9ticos. No entanto, durante a fiscaliza\u00e7\u00e3o, os agentes constataram a presen\u00e7a de medicamentos de uso controlado, cuja venda exige receita m\u00e9dica, al\u00e9m da aus\u00eancia de alvar\u00e1 sanit\u00e1rio e de um farmac\u00eautico respons\u00e1vel.<\/p>\n\n\n\n<p>Diante da irregularidade, a equipe policial garantiu a apreens\u00e3o dos produtos e efetuou a pris\u00e3o em flagrante de uma funcion\u00e1ria do estabelecimento. Apesar da resist\u00eancia por parte de um dos respons\u00e1veis, a opera\u00e7\u00e3o foi conclu\u00edda com sucesso.<\/p>\n\n\n\n<p>A Pol\u00edcia Militar do Paran\u00e1 reafirma seu compromisso com a seguran\u00e7a e refor\u00e7a a import\u00e2ncia da fiscaliza\u00e7\u00e3o para coibir pr\u00e1ticas ilegais que possam colocar a sa\u00fade da popula\u00e7\u00e3o em risco.<\/p>\n<input type=\"hidden\" id=\"baseurl\" value=\"https:\/\/noticiasregionais.com.br\"><input type=\"hidden\" id=\"audio_nonce\" value=\"533fbb67b1\">","protected":false},"excerpt":{"rendered":"<p>Na noite desta ter\u00e7a-feira (19), uma opera\u00e7\u00e3o conjunta entre a Pol\u00edcia Militar do Paran\u00e1 e o Conselho Regional de Farm\u00e1cia&hellip;<\/p>\n","protected":false},"author":1,"featured_media":4784,"comment_status":"closed","ping_status":"open","sticky":false,"template":"","format":"standard","meta":{"sfsi_plus_gutenberg_text_before_share":"","sfsi_plus_gutenberg_show_text_before_share":"","sfsi_plus_gutenberg_icon_type":"","sfsi_plus_gutenberg_icon_alignemt":"","sfsi_plus_gutenburg_max_per_row":"","footnotes":""},"categories":[7,10,1],"tags":[18],"class_list":["post-4783","post","type-post","status-publish","format-standard","has-post-thumbnail","hentry","category-parana","category-destaques","category-noticias","tag-jacarezinho"],"_links":{"self":[{"href":"https:\/\/noticiasregionais.com.br\/index.php?rest_route=\/wp\/v2\/posts\/4783","targetHints":{"allow":["GET"]}}],"collection":[{"href":"https:\/\/noticiasregionais.com.br\/index.php?rest_route=\/wp\/v2\/posts"}],"about":[{"href":"https:\/\/noticiasregionais.com.br\/index.php?rest_route=\/wp\/v2\/types\/post"}],"author":[{"embeddable":true,"href":"https:\/\/noticiasregionais.com.br\/index.php?rest_route=\/wp\/v2\/users\/1"}],"replies":[{"embeddable":true,"href":"https:\/\/noticiasregionais.com.br\/index.php?rest_route=%2Fwp%2Fv2%2Fcomments&post=4783"}],"version-history":[{"count":1,"href":"https:\/\/noticiasregionais.com.br\/index.php?rest_route=\/wp\/v2\/posts\/4783\/revisions"}],"predecessor-version":[{"id":4785,"href":"https:\/\/noticiasregionais.com.br\/index.php?rest_route=\/wp\/v2\/posts\/4783\/revisions\/4785"}],"wp:featuredmedia":[{"embeddable":true,"href":"https:\/\/noticiasregionais.com.br\/index.php?rest_route=\/wp\/v2\/media\/4784"}],"wp:attachment":[{"href":"https:\/\/noticiasregionais.com.br\/index.php?rest_route=%2Fwp%2Fv2%2Fmedia&parent=4783"}],"wp:term":[{"taxonomy":"category","embeddable":true,"href":"https:\/\/noticiasregionais.com.br\/index.php?rest_route=%2Fwp%2Fv2%2Fcategories&post=4783"},{"taxonomy":"post_tag","embeddable":true,"href":"https:\/\/noticiasregionais.com.br\/index.php?rest_route=%2Fwp%2Fv2%2Ftags&post=4783"}],"curies":[{"name":"wp","href":"https:\/\/api.w.org\/{rel}","templated":true}]}}