{"id":4786,"date":"2025-03-20T21:58:05","date_gmt":"2025-03-21T00:58:05","guid":{"rendered":"https:\/\/noticiasregionais.com.br\/?p=4786"},"modified":"2025-03-20T21:59:30","modified_gmt":"2025-03-21T00:59:30","slug":"biomedicina-na-estacio-ourinhos-excelencia-teorica-estrutura-diferenciada-e-atuacao-na-comunidade","status":"publish","type":"post","link":"https:\/\/noticiasregionais.com.br\/?p=4786","title":{"rendered":"Biomedicina na Est\u00e1cio Ourinhos: excel\u00eancia te\u00f3rica, estrutura diferenciada e atua\u00e7\u00e3o na comunidade"},"content":{"rendered":"\n<p>O curso de <strong>Biomedicina<\/strong> da <strong>Est\u00e1cio de S\u00e1 de Ourinhos<\/strong> se destaca pela sua forma\u00e7\u00e3o de alto n\u00edvel, unindo teoria e pr\u00e1tica de forma eficaz para preparar profissionais altamente qualificados. Com um <strong>corpo docente experiente e curr\u00edculo atualizado<\/strong>, os alunos t\u00eam acesso a um ensino alinhado \u00e0s \u00faltimas inova\u00e7\u00f5es do setor biom\u00e9dico. Al\u00e9m das aulas, a institui\u00e7\u00e3o promove <strong>workshops, palestras e atividades extracurriculares<\/strong> que enriquecem a forma\u00e7\u00e3o acad\u00eamica e profissional dos estudantes.<\/p>\n\n\n\n<h3 class=\"wp-block-heading\"><strong>Infraestrutura moderna para um aprendizado completo<\/strong><\/h3>\n\n\n\n<p>A Est\u00e1cio de S\u00e1 de Ourinhos conta com <strong>laborat\u00f3rios modernos e bem equipados<\/strong>, que possibilitam a realiza\u00e7\u00e3o de experimentos e pr\u00e1ticas essenciais para a forma\u00e7\u00e3o biom\u00e9dica. Com espa\u00e7os projetados para estimular o aprendizado e a colabora\u00e7\u00e3o, os alunos t\u00eam acesso a <strong>tecnologias avan\u00e7adas<\/strong> que os preparam para os desafios do mercado de trabalho.<\/p>\n\n\n\n<h3 class=\"wp-block-heading\"><strong>Compromisso com a comunidade<\/strong><\/h3>\n\n\n\n<p>Mais do que formar profissionais capacitados, o curso de Biomedicina da Est\u00e1cio de S\u00e1 de Ourinhos tem um papel <strong>ativo na comunidade<\/strong>. Atrav\u00e9s de <strong>parcerias com institui\u00e7\u00f5es de sa\u00fade e projetos de extens\u00e3o<\/strong>, os alunos realizam campanhas, diagn\u00f3sticos gratuitos e a\u00e7\u00f5es educativas para promover a conscientiza\u00e7\u00e3o sobre a sa\u00fade p\u00fablica. Essa viv\u00eancia pr\u00e1tica fortalece o compromisso \u00e9tico e social dos futuros biom\u00e9dicos, contribuindo para um impacto positivo na sociedade.<\/p>\n\n\n\n<p>Com uma forma\u00e7\u00e3o completa, infraestrutura de excel\u00eancia e atua\u00e7\u00e3o comunit\u00e1ria, o curso de Biomedicina da Est\u00e1cio de S\u00e1 de Ourinhos se consolida como uma excelente op\u00e7\u00e3o para quem deseja ingressar em uma carreira promissora e de grande relev\u00e2ncia para a sa\u00fade.<\/p>\n\n\n\n<figure class=\"wp-block-gallery has-nested-images columns-default is-cropped wp-block-gallery-1 is-layout-flex wp-block-gallery-is-layout-flex\">\n<figure class=\"wp-block-image size-large\"><img decoding=\"async\" width=\"1024\" height=\"681\" data-id=\"4788\" src=\"https:\/\/noticiasregionais.com.br\/wp-content\/uploads\/2025\/03\/WhatsApp-Image-2025-03-18-at-14.46.23-2-1024x681.jpeg\" alt=\"\" class=\"wp-image-4788\" srcset=\"https:\/\/noticiasregionais.com.br\/wp-content\/uploads\/2025\/03\/WhatsApp-Image-2025-03-18-at-14.46.23-2-1024x681.jpeg 1024w, https:\/\/noticiasregionais.com.br\/wp-content\/uploads\/2025\/03\/WhatsApp-Image-2025-03-18-at-14.46.23-2-300x200.jpeg 300w, https:\/\/noticiasregionais.com.br\/wp-content\/uploads\/2025\/03\/WhatsApp-Image-2025-03-18-at-14.46.23-2-768x511.jpeg 768w, https:\/\/noticiasregionais.com.br\/wp-content\/uploads\/2025\/03\/WhatsApp-Image-2025-03-18-at-14.46.23-2-1536x1021.jpeg 1536w, https:\/\/noticiasregionais.com.br\/wp-content\/uploads\/2025\/03\/WhatsApp-Image-2025-03-18-at-14.46.23-2.jpeg 1600w\" sizes=\"(max-width: 1024px) 100vw, 1024px\" \/><\/figure>\n\n\n\n<figure class=\"wp-block-image size-large\"><img decoding=\"async\" width=\"1024\" height=\"681\" data-id=\"4787\" src=\"https:\/\/noticiasregionais.com.br\/wp-content\/uploads\/2025\/03\/WhatsApp-Image-2025-03-18-at-14.46.23-1-1024x681.jpeg\" alt=\"\" class=\"wp-image-4787\" srcset=\"https:\/\/noticiasregionais.com.br\/wp-content\/uploads\/2025\/03\/WhatsApp-Image-2025-03-18-at-14.46.23-1-1024x681.jpeg 1024w, https:\/\/noticiasregionais.com.br\/wp-content\/uploads\/2025\/03\/WhatsApp-Image-2025-03-18-at-14.46.23-1-300x200.jpeg 300w, https:\/\/noticiasregionais.com.br\/wp-content\/uploads\/2025\/03\/WhatsApp-Image-2025-03-18-at-14.46.23-1-768x511.jpeg 768w, https:\/\/noticiasregionais.com.br\/wp-content\/uploads\/2025\/03\/WhatsApp-Image-2025-03-18-at-14.46.23-1-1536x1021.jpeg 1536w, https:\/\/noticiasregionais.com.br\/wp-content\/uploads\/2025\/03\/WhatsApp-Image-2025-03-18-at-14.46.23-1.jpeg 1600w\" sizes=\"(max-width: 1024px) 100vw, 1024px\" \/><\/figure>\n<\/figure>\n<input type=\"hidden\" id=\"baseurl\" value=\"https:\/\/noticiasregionais.com.br\"><input type=\"hidden\" id=\"audio_nonce\" value=\"533fbb67b1\">","protected":false},"excerpt":{"rendered":"<p>O curso de Biomedicina da Est\u00e1cio de S\u00e1 de Ourinhos se destaca pela sua forma\u00e7\u00e3o de alto n\u00edvel, unindo teoria&hellip;<\/p>\n","protected":false},"author":1,"featured_media":4789,"comment_status":"closed","ping_status":"open","sticky":false,"template":"","format":"standard","meta":{"sfsi_plus_gutenberg_text_before_share":"","sfsi_plus_gutenberg_show_text_before_share":"","sfsi_plus_gutenberg_icon_type":"","sfsi_plus_gutenberg_icon_alignemt":"","sfsi_plus_gutenburg_max_per_row":"","footnotes":""},"categories":[5,12,1],"tags":[16],"class_list":["post-4786","post","type-post","status-publish","format-standard","has-post-thumbnail","hentry","category-ourinhos","category-capa","category-noticias","tag-ourinhos"],"_links":{"self":[{"href":"https:\/\/noticiasregionais.com.br\/index.php?rest_route=\/wp\/v2\/posts\/4786","targetHints":{"allow":["GET"]}}],"collection":[{"href":"https:\/\/noticiasregionais.com.br\/index.php?rest_route=\/wp\/v2\/posts"}],"about":[{"href":"https:\/\/noticiasregionais.com.br\/index.php?rest_route=\/wp\/v2\/types\/post"}],"author":[{"embeddable":true,"href":"https:\/\/noticiasregionais.com.br\/index.php?rest_route=\/wp\/v2\/users\/1"}],"replies":[{"embeddable":true,"href":"https:\/\/noticiasregionais.com.br\/index.php?rest_route=%2Fwp%2Fv2%2Fcomments&post=4786"}],"version-history":[{"count":1,"href":"https:\/\/noticiasregionais.com.br\/index.php?rest_route=\/wp\/v2\/posts\/4786\/revisions"}],"predecessor-version":[{"id":4790,"href":"https:\/\/noticiasregionais.com.br\/index.php?rest_route=\/wp\/v2\/posts\/4786\/revisions\/4790"}],"wp:featuredmedia":[{"embeddable":true,"href":"https:\/\/noticiasregionais.com.br\/index.php?rest_route=\/wp\/v2\/media\/4789"}],"wp:attachment":[{"href":"https:\/\/noticiasregionais.com.br\/index.php?rest_route=%2Fwp%2Fv2%2Fmedia&parent=4786"}],"wp:term":[{"taxonomy":"category","embeddable":true,"href":"https:\/\/noticiasregionais.com.br\/index.php?rest_route=%2Fwp%2Fv2%2Fcategories&post=4786"},{"taxonomy":"post_tag","embeddable":true,"href":"https:\/\/noticiasregionais.com.br\/index.php?rest_route=%2Fwp%2Fv2%2Ftags&post=4786"}],"curies":[{"name":"wp","href":"https:\/\/api.w.org\/{rel}","templated":true}]}}