{"id":4791,"date":"2025-03-24T07:27:23","date_gmt":"2025-03-24T10:27:23","guid":{"rendered":"https:\/\/noticiasregionais.com.br\/?p=4791"},"modified":"2025-03-24T07:27:25","modified_gmt":"2025-03-24T10:27:25","slug":"policiamento-rodoviario-prende-traficante-com-mais-de-137-kg-de-cocaina-em-ourinhos-sp","status":"publish","type":"post","link":"https:\/\/noticiasregionais.com.br\/?p=4791","title":{"rendered":"Policiamento Rodovi\u00e1rio prende traficante com mais de 137 Kg de Coca\u00edna em Ourinhos\/SP"},"content":{"rendered":"\n<p>Na manh\u00e3 do \u00faltimo domingo (23), policiais militares rodovi\u00e1rios apreenderam uma grande quantidade de coca\u00edna durante uma abordagem na Rodovia Orlando Quagliato (SP-327), em Ourinhos\/SP. A a\u00e7\u00e3o ocorreu por volta das 08h15, no km 28,4 da rodovia, durante a Operac\u00e3o IMPACTO.<\/p>\n\n\n\n<p>Os agentes pararam um ve\u00edculo Hyundai\/Tucson, ocupado pelo condutor e uma passageira. Durante a vistoria no autom\u00f3vel, os policiais localizaram um fundo falso no assoalho do carro, onde estavam escondidos diversos tabletes da droga. Ap\u00f3s a pesagem, a carga totalizou 137,555 kg de coca\u00edna distribu\u00eddos em 149 tabletes.<\/p>\n\n\n\n<p>O motorista do ve\u00edculo foi detido e encaminhado \u00e0 CPJ (Central de Pol\u00edcia Judici\u00e1ria) de Ourinhos, onde permanecer\u00e1 preso \u00e0 disposi\u00e7\u00e3o da Justi\u00e7a para a audi\u00eancia de cust\u00f3dia. J\u00e1 a passageira foi ouvida e posteriormente liberada.<\/p>\n\n\n\n<p>A Pol\u00edcia Militar segue intensificando as opera\u00e7\u00f5es de fiscaliza\u00e7\u00e3o e combate ao tr\u00e1fico de drogas nas rodovias paulistas, reafirmando seu compromisso com a seguran\u00e7a p\u00fablica e a ordem.<\/p>\n\n\n\n<p><strong>Pol\u00edcia Militar, rumo aos 200 anos! Vamos todos juntos. Ningu\u00e9m fica para tr\u00e1s.<\/strong><\/p>\n<input type=\"hidden\" id=\"baseurl\" value=\"https:\/\/noticiasregionais.com.br\"><input type=\"hidden\" id=\"audio_nonce\" value=\"533fbb67b1\">","protected":false},"excerpt":{"rendered":"<p>Na manh\u00e3 do \u00faltimo domingo (23), policiais militares rodovi\u00e1rios apreenderam uma grande quantidade de coca\u00edna durante uma abordagem na Rodovia&hellip;<\/p>\n","protected":false},"author":1,"featured_media":4792,"comment_status":"closed","ping_status":"open","sticky":false,"template":"","format":"standard","meta":{"sfsi_plus_gutenberg_text_before_share":"","sfsi_plus_gutenberg_show_text_before_share":"","sfsi_plus_gutenberg_icon_type":"","sfsi_plus_gutenberg_icon_alignemt":"","sfsi_plus_gutenburg_max_per_row":"","footnotes":""},"categories":[12,1,5],"tags":[],"class_list":["post-4791","post","type-post","status-publish","format-standard","has-post-thumbnail","hentry","category-capa","category-noticias","category-ourinhos"],"_links":{"self":[{"href":"https:\/\/noticiasregionais.com.br\/index.php?rest_route=\/wp\/v2\/posts\/4791","targetHints":{"allow":["GET"]}}],"collection":[{"href":"https:\/\/noticiasregionais.com.br\/index.php?rest_route=\/wp\/v2\/posts"}],"about":[{"href":"https:\/\/noticiasregionais.com.br\/index.php?rest_route=\/wp\/v2\/types\/post"}],"author":[{"embeddable":true,"href":"https:\/\/noticiasregionais.com.br\/index.php?rest_route=\/wp\/v2\/users\/1"}],"replies":[{"embeddable":true,"href":"https:\/\/noticiasregionais.com.br\/index.php?rest_route=%2Fwp%2Fv2%2Fcomments&post=4791"}],"version-history":[{"count":1,"href":"https:\/\/noticiasregionais.com.br\/index.php?rest_route=\/wp\/v2\/posts\/4791\/revisions"}],"predecessor-version":[{"id":4793,"href":"https:\/\/noticiasregionais.com.br\/index.php?rest_route=\/wp\/v2\/posts\/4791\/revisions\/4793"}],"wp:featuredmedia":[{"embeddable":true,"href":"https:\/\/noticiasregionais.com.br\/index.php?rest_route=\/wp\/v2\/media\/4792"}],"wp:attachment":[{"href":"https:\/\/noticiasregionais.com.br\/index.php?rest_route=%2Fwp%2Fv2%2Fmedia&parent=4791"}],"wp:term":[{"taxonomy":"category","embeddable":true,"href":"https:\/\/noticiasregionais.com.br\/index.php?rest_route=%2Fwp%2Fv2%2Fcategories&post=4791"},{"taxonomy":"post_tag","embeddable":true,"href":"https:\/\/noticiasregionais.com.br\/index.php?rest_route=%2Fwp%2Fv2%2Ftags&post=4791"}],"curies":[{"name":"wp","href":"https:\/\/api.w.org\/{rel}","templated":true}]}}