{"id":4794,"date":"2025-03-24T08:25:06","date_gmt":"2025-03-24T11:25:06","guid":{"rendered":"https:\/\/noticiasregionais.com.br\/?p=4794"},"modified":"2025-03-24T08:25:09","modified_gmt":"2025-03-24T11:25:09","slug":"prf-prende-motorista-transportando-pasta-base-de-cocaina-em-ourinhos-sp","status":"publish","type":"post","link":"https:\/\/noticiasregionais.com.br\/?p=4794","title":{"rendered":"PRF prende motorista transportando pasta base de coca\u00edna em Ourinhos\/SP"},"content":{"rendered":"\n<p>Na manh\u00e3 deste s\u00e1bado (22), a Pol\u00edcia Rodovi\u00e1ria Federal (PRF) deteve um homem de 26 anos que transportava pasta base de coca\u00edna escondida na estrutura de seu ve\u00edculo. A abordagem ocorreu no km 338 da rodovia Transbrasiliana (BR-153), pr\u00f3ximo ao entroncamento com a rodovia Raposo Tavares (SP-270).<\/p>\n\n\n\n<p>Os agentes desconfiaram de modifica\u00e7\u00f5es no interior do carro e realizaram uma inspe\u00e7\u00e3o mais detalhada. Durante a vistoria, descobriram 12 tijolos da droga ocultos no t\u00fanel central do Fiat Siena que o suspeito dirigia. Segundo informa\u00e7\u00f5es, ele partiu de Dourados\/MS, na regi\u00e3o de fronteira com o Paraguai, e tinha como destino a cidade de S\u00e3o Paulo.<\/p>\n\n\n\n<p>O homem recebeu voz de pris\u00e3o em flagrante pelo crime de tr\u00e1fico de drogas e foi encaminhado \u00e0 delegacia da Pol\u00edcia Civil de Ourinhos. Ele poder\u00e1 responder com base no artigo 33 da Lei de Drogas (Lei 11.343\/2006), que prev\u00ea pena de at\u00e9 15 anos de reclus\u00e3o.<\/p>\n<input type=\"hidden\" id=\"baseurl\" value=\"https:\/\/noticiasregionais.com.br\"><input type=\"hidden\" id=\"audio_nonce\" value=\"533fbb67b1\">","protected":false},"excerpt":{"rendered":"<p>Na manh\u00e3 deste s\u00e1bado (22), a Pol\u00edcia Rodovi\u00e1ria Federal (PRF) deteve um homem de 26 anos que transportava pasta base&hellip;<\/p>\n","protected":false},"author":1,"featured_media":4795,"comment_status":"closed","ping_status":"open","sticky":false,"template":"","format":"standard","meta":{"sfsi_plus_gutenberg_text_before_share":"","sfsi_plus_gutenberg_show_text_before_share":"","sfsi_plus_gutenberg_icon_type":"","sfsi_plus_gutenberg_icon_alignemt":"","sfsi_plus_gutenburg_max_per_row":"","footnotes":""},"categories":[5,10,1],"tags":[],"class_list":["post-4794","post","type-post","status-publish","format-standard","has-post-thumbnail","hentry","category-ourinhos","category-destaques","category-noticias"],"_links":{"self":[{"href":"https:\/\/noticiasregionais.com.br\/index.php?rest_route=\/wp\/v2\/posts\/4794","targetHints":{"allow":["GET"]}}],"collection":[{"href":"https:\/\/noticiasregionais.com.br\/index.php?rest_route=\/wp\/v2\/posts"}],"about":[{"href":"https:\/\/noticiasregionais.com.br\/index.php?rest_route=\/wp\/v2\/types\/post"}],"author":[{"embeddable":true,"href":"https:\/\/noticiasregionais.com.br\/index.php?rest_route=\/wp\/v2\/users\/1"}],"replies":[{"embeddable":true,"href":"https:\/\/noticiasregionais.com.br\/index.php?rest_route=%2Fwp%2Fv2%2Fcomments&post=4794"}],"version-history":[{"count":1,"href":"https:\/\/noticiasregionais.com.br\/index.php?rest_route=\/wp\/v2\/posts\/4794\/revisions"}],"predecessor-version":[{"id":4796,"href":"https:\/\/noticiasregionais.com.br\/index.php?rest_route=\/wp\/v2\/posts\/4794\/revisions\/4796"}],"wp:featuredmedia":[{"embeddable":true,"href":"https:\/\/noticiasregionais.com.br\/index.php?rest_route=\/wp\/v2\/media\/4795"}],"wp:attachment":[{"href":"https:\/\/noticiasregionais.com.br\/index.php?rest_route=%2Fwp%2Fv2%2Fmedia&parent=4794"}],"wp:term":[{"taxonomy":"category","embeddable":true,"href":"https:\/\/noticiasregionais.com.br\/index.php?rest_route=%2Fwp%2Fv2%2Fcategories&post=4794"},{"taxonomy":"post_tag","embeddable":true,"href":"https:\/\/noticiasregionais.com.br\/index.php?rest_route=%2Fwp%2Fv2%2Ftags&post=4794"}],"curies":[{"name":"wp","href":"https:\/\/api.w.org\/{rel}","templated":true}]}}