{"id":4797,"date":"2025-03-24T08:55:59","date_gmt":"2025-03-24T11:55:59","guid":{"rendered":"https:\/\/noticiasregionais.com.br\/?p=4797"},"modified":"2025-03-24T08:56:02","modified_gmt":"2025-03-24T11:56:02","slug":"camara-de-ourinhos-discute-tarifa-social-de-agua-e-infraestrutura-urbana-na-8a-sessao-ordinaria","status":"publish","type":"post","link":"https:\/\/noticiasregionais.com.br\/?p=4797","title":{"rendered":"C\u00e2mara de Ourinhos discute Tarifa Social de \u00c1gua e infraestrutura urbana na 8\u00aa Sess\u00e3o Ordin\u00e1ria"},"content":{"rendered":"\n<p>A 8\u00aa Sess\u00e3o Ordin\u00e1ria da C\u00e2mara Municipal de Ourinhos, que ocorre nesta segunda-feira (24), tem como destaque o requerimento do vereador Giovanni Gomes de Carvalho (Gil Carvalho), que questiona o cumprimento da Lei Federal n\u00ba 14.898\/2024 pela concession\u00e1ria respons\u00e1vel pelo abastecimento de \u00e1gua e esgoto na cidade. A legisla\u00e7\u00e3o estabelece diretrizes para a Tarifa Social de \u00c1gua e Esgoto, garantindo descontos para fam\u00edlias de baixa renda, mas h\u00e1 ind\u00edcios de que n\u00e3o est\u00e1 sendo devidamente aplicada em Ourinhos.<\/p>\n\n\n\n<p>Segundo Gil Carvalho, diversas fam\u00edlias que deveriam estar enquadradas no benef\u00edcio relataram dificuldades para obter o desconto. &#8220;\u00c9 um direito garantido por lei, e precisamos garantir que essa concess\u00e3o est\u00e1 cumprindo com sua obriga\u00e7\u00e3o&#8221;, afirmou o vereador. O requerimento solicita informa\u00e7\u00f5es sobre as a\u00e7\u00f5es que est\u00e3o sendo tomadas para adequar o servi\u00e7o e garantir que a popula\u00e7\u00e3o vulner\u00e1vel n\u00e3o seja prejudicada.<\/p>\n\n\n\n<p><strong>Infraestrutura e servi\u00e7os p\u00fablicos tamb\u00e9m est\u00e3o em pauta<\/strong><\/p>\n\n\n\n<p>Al\u00e9m da quest\u00e3o da tarifa social, outros temas relevantes ser\u00e3o discutidos na sess\u00e3o. O vereador An\u00edsio Felicetti protocolou requerimentos cobrando melhorias na infraestrutura, como pavimenta\u00e7\u00e3o, guias e sarjetas no trecho que liga a Rua Sebastiana Correa do Amaral \u00e0 Avenida Arnaldo da Silva, no N\u00facleo Habitacional Assise Chequer Nicolau.<\/p>\n\n\n\n<p>Outro ponto de destaque \u00e9 a revitaliza\u00e7\u00e3o de espa\u00e7os p\u00fablicos. O vereador C\u00edcero Investigador solicitou estudos para instala\u00e7\u00e3o de aquecimento el\u00e9trico e energia fotovoltaica nas piscinas do Complexo Esportivo &#8220;Monstrinho&#8221; e limpeza regular da Pra\u00e7a dos Burgueses.<\/p>\n\n\n\n<p>A seguran\u00e7a tamb\u00e9m \u00e9 foco da sess\u00e3o, com o pedido de Gil Carvalho para instala\u00e7\u00e3o de uma base da Guarda Civil Municipal no CSU, visando maior prote\u00e7\u00e3o aos moradores da regi\u00e3o.<\/p>\n\n\n\n<p><strong>Mobiliza\u00e7\u00e3o popular e cobran\u00e7a por respostas<\/strong><\/p>\n\n\n\n<p>Diante das demandas apresentadas, espera-se uma grande participa\u00e7\u00e3o da popula\u00e7\u00e3o na sess\u00e3o, cobrando provid\u00eancias do poder p\u00fablico e da concession\u00e1ria de \u00e1gua e esgoto. A expectativa \u00e9 que os vereadores pressionem por respostas concretas sobre a aplica\u00e7\u00e3o da tarifa social, al\u00e9m de garantir que as obras de infraestrutura e manuten\u00e7\u00e3o urbana sejam priorizadas pelo Executivo Municipal.<\/p>\n<input type=\"hidden\" id=\"baseurl\" value=\"https:\/\/noticiasregionais.com.br\"><input type=\"hidden\" id=\"audio_nonce\" value=\"533fbb67b1\">","protected":false},"excerpt":{"rendered":"<p>A 8\u00aa Sess\u00e3o Ordin\u00e1ria da C\u00e2mara Municipal de Ourinhos, que ocorre nesta segunda-feira (24), tem como destaque o requerimento do&hellip;<\/p>\n","protected":false},"author":1,"featured_media":4798,"comment_status":"closed","ping_status":"open","sticky":false,"template":"","format":"standard","meta":{"sfsi_plus_gutenberg_text_before_share":"","sfsi_plus_gutenberg_show_text_before_share":"","sfsi_plus_gutenberg_icon_type":"","sfsi_plus_gutenberg_icon_alignemt":"","sfsi_plus_gutenburg_max_per_row":"","footnotes":""},"categories":[5,10,1],"tags":[],"class_list":["post-4797","post","type-post","status-publish","format-standard","has-post-thumbnail","hentry","category-ourinhos","category-destaques","category-noticias"],"_links":{"self":[{"href":"https:\/\/noticiasregionais.com.br\/index.php?rest_route=\/wp\/v2\/posts\/4797","targetHints":{"allow":["GET"]}}],"collection":[{"href":"https:\/\/noticiasregionais.com.br\/index.php?rest_route=\/wp\/v2\/posts"}],"about":[{"href":"https:\/\/noticiasregionais.com.br\/index.php?rest_route=\/wp\/v2\/types\/post"}],"author":[{"embeddable":true,"href":"https:\/\/noticiasregionais.com.br\/index.php?rest_route=\/wp\/v2\/users\/1"}],"replies":[{"embeddable":true,"href":"https:\/\/noticiasregionais.com.br\/index.php?rest_route=%2Fwp%2Fv2%2Fcomments&post=4797"}],"version-history":[{"count":1,"href":"https:\/\/noticiasregionais.com.br\/index.php?rest_route=\/wp\/v2\/posts\/4797\/revisions"}],"predecessor-version":[{"id":4799,"href":"https:\/\/noticiasregionais.com.br\/index.php?rest_route=\/wp\/v2\/posts\/4797\/revisions\/4799"}],"wp:featuredmedia":[{"embeddable":true,"href":"https:\/\/noticiasregionais.com.br\/index.php?rest_route=\/wp\/v2\/media\/4798"}],"wp:attachment":[{"href":"https:\/\/noticiasregionais.com.br\/index.php?rest_route=%2Fwp%2Fv2%2Fmedia&parent=4797"}],"wp:term":[{"taxonomy":"category","embeddable":true,"href":"https:\/\/noticiasregionais.com.br\/index.php?rest_route=%2Fwp%2Fv2%2Fcategories&post=4797"},{"taxonomy":"post_tag","embeddable":true,"href":"https:\/\/noticiasregionais.com.br\/index.php?rest_route=%2Fwp%2Fv2%2Ftags&post=4797"}],"curies":[{"name":"wp","href":"https:\/\/api.w.org\/{rel}","templated":true}]}}