{"id":4800,"date":"2025-03-24T09:05:44","date_gmt":"2025-03-24T12:05:44","guid":{"rendered":"https:\/\/noticiasregionais.com.br\/?p=4800"},"modified":"2025-03-24T09:08:21","modified_gmt":"2025-03-24T12:08:21","slug":"prefeitos-sao-convidados-a-debater-o-papel-do-poder-publico-na-gestao-da-agua","status":"publish","type":"post","link":"https:\/\/noticiasregionais.com.br\/?p=4800","title":{"rendered":"Prefeitos s\u00e3o convidados a debater o papel do poder p\u00fablico na gest\u00e3o da \u00e1gua"},"content":{"rendered":"\n<p class=\"has-text-align-left\"><sub>cr\u00e9dito da imagem: https:\/\/www.paranapanema.org\/por-que-um-dia-para-comemorar-o-rio-paranapanema\/<\/sub><br><br>No m\u00eas dedicado \u00e0 conscientiza\u00e7\u00e3o sobre a \u00e1gua, o Comit\u00ea da Bacia Hidrogr\u00e1fica do Rio Paranapanema (CBH Paranapanema) promove eventos para refor\u00e7ar a import\u00e2ncia da atua\u00e7\u00e3o dos gestores municipais nesse setor essencial.<\/p>\n\n\n\n<p>A primeira atividade presencial do ano ocorre no dia <strong>25 de mar\u00e7o<\/strong>, em <strong>Piraju\/SP<\/strong>, com a <strong>Capacita\u00e7\u00e3o sobre Regula\u00e7\u00e3o e Gest\u00e3o do Saneamento B\u00e1sico<\/strong>, a partir das 14h. O evento abordar\u00e1 as diretrizes do Novo Marco do Saneamento, que devem ser implementadas at\u00e9 2025, e sua rela\u00e7\u00e3o com o Plano Integrado de Recursos H\u00eddricos (PIRH) do Paranapanema. A capacita\u00e7\u00e3o \u00e9 destinada a profissionais do setor de saneamento, como representantes de companhias de abastecimento, departamentos municipais de \u00e1gua e esgoto, al\u00e9m de demais interessados.<\/p>\n\n\n\n<p>Na sequ\u00eancia, \u00e0s 17h, ser\u00e1 realizado o <strong>9\u00ba Encontro de Prefeitos, Cons\u00f3rcios Intermunicipais e Associa\u00e7\u00f5es de Munic\u00edpios do Paranapanema<\/strong>, reunindo os 247 prefeitos da bacia hidrogr\u00e1fica. O objetivo do encontro \u00e9 mobilizar e engajar os l\u00edderes municipais na implementa\u00e7\u00e3o de pol\u00edticas e a\u00e7\u00f5es voltadas \u00e0 melhoria dos recursos h\u00eddricos e ao desenvolvimento sustent\u00e1vel da regi\u00e3o.<\/p>\n\n\n\n<p>Durante o evento, \u00f3rg\u00e3os estaduais respons\u00e1veis pela gest\u00e3o da \u00e1gua \u2013 como o Instituto \u00c1gua e Terra do Paran\u00e1 (IAT) e a Ag\u00eancia de \u00c1guas do Estado de S\u00e3o Paulo (SP \u00c1guas) \u2013 apresentar\u00e3o suas iniciativas e o suporte oferecido aos munic\u00edpios na administra\u00e7\u00e3o dos recursos h\u00eddricos.<\/p>\n\n\n\n<p><strong>23\u00aa Reuni\u00e3o Ordin\u00e1ria do CBH Paranapanema<\/strong><\/p>\n\n\n\n<p>No dia seguinte, <strong>26 de mar\u00e7o<\/strong>, ser\u00e1 realizada a <strong>23\u00aa Reuni\u00e3o Ordin\u00e1ria do Comit\u00ea<\/strong>, onde os membros discutir\u00e3o pautas estrat\u00e9gicas para a gest\u00e3o da bacia. A agenda inclui a aprova\u00e7\u00e3o do <strong>Relat\u00f3rio de Atividades de 2024<\/strong> e a forma\u00e7\u00e3o da Comiss\u00e3o Eleitoral respons\u00e1vel pelo processo de escolha dos novos representantes para a gest\u00e3o <strong>2025-2029<\/strong>.<\/p>\n\n\n\n<h3 class=\"wp-block-heading\"><strong>Programa\u00e7\u00e3o dos eventos do CBH Paranapanema<\/strong><\/h3>\n\n\n\n<p>\ud83d\udccd <strong>Local:<\/strong> Hotel Beira Rio \u2013 Rua Augusto Garcia, n\u00ba 109, Vila Tibiri\u00e7\u00e1, Piraju\/SP<\/p>\n\n\n\n<p>\ud83d\udd39 <strong>25\/03\/2025<\/strong><\/p>\n\n\n\n<ul class=\"wp-block-list\">\n<li><strong>14h \u00e0s 17h<\/strong> \u2013 Capacita\u00e7\u00e3o sobre Regula\u00e7\u00e3o e Gest\u00e3o do Saneamento B\u00e1sico <em>(evento aberto, gratuito e com vagas limitadas)<\/em><\/li>\n\n\n\n<li><strong>17h \u00e0s 18h30<\/strong> \u2013 9\u00ba Encontro de Prefeitos, Cons\u00f3rcios e Associa\u00e7\u00f5es Municipais do Paranapanema <em>(evento exclusivo para gestores municipais)<\/em><\/li>\n<\/ul>\n\n\n\n<p>\ud83d\udd39 <strong>26\/03\/2025<\/strong><\/p>\n\n\n\n<ul class=\"wp-block-list\">\n<li><strong>8h30 \u00e0s 11h30<\/strong> \u2013 23\u00aa Reuni\u00e3o Ordin\u00e1ria do CBH Paranapanema <em>(evento aberto ao p\u00fablico)<\/em><\/li>\n<\/ul>\n\n\n\n<p>\ud83d\udd0e Para mais informa\u00e7\u00f5es, acesse: <strong>paranapanema.org<\/strong><\/p>\n\n\n<div class=\"wp-block-image\">\n<figure class=\"aligncenter size-large\"><img decoding=\"async\" width=\"819\" height=\"1024\" src=\"https:\/\/noticiasregionais.com.br\/wp-content\/uploads\/2025\/03\/WhatsApp-Image-2025-03-17-at-14.19.29-819x1024.jpeg\" alt=\"\" class=\"wp-image-4801\" srcset=\"https:\/\/noticiasregionais.com.br\/wp-content\/uploads\/2025\/03\/WhatsApp-Image-2025-03-17-at-14.19.29-819x1024.jpeg 819w, https:\/\/noticiasregionais.com.br\/wp-content\/uploads\/2025\/03\/WhatsApp-Image-2025-03-17-at-14.19.29-240x300.jpeg 240w, https:\/\/noticiasregionais.com.br\/wp-content\/uploads\/2025\/03\/WhatsApp-Image-2025-03-17-at-14.19.29-768x960.jpeg 768w, https:\/\/noticiasregionais.com.br\/wp-content\/uploads\/2025\/03\/WhatsApp-Image-2025-03-17-at-14.19.29.jpeg 1200w\" sizes=\"(max-width: 819px) 100vw, 819px\" \/><\/figure>\n<\/div><input type=\"hidden\" id=\"baseurl\" value=\"https:\/\/noticiasregionais.com.br\"><input type=\"hidden\" id=\"audio_nonce\" value=\"533fbb67b1\">","protected":false},"excerpt":{"rendered":"<p>cr\u00e9dito da imagem: https:\/\/www.paranapanema.org\/por-que-um-dia-para-comemorar-o-rio-paranapanema\/ No m\u00eas dedicado \u00e0 conscientiza\u00e7\u00e3o sobre a \u00e1gua, o Comit\u00ea da Bacia Hidrogr\u00e1fica do Rio Paranapanema&hellip;<\/p>\n","protected":false},"author":1,"featured_media":4802,"comment_status":"closed","ping_status":"open","sticky":false,"template":"","format":"standard","meta":{"sfsi_plus_gutenberg_text_before_share":"","sfsi_plus_gutenberg_show_text_before_share":"","sfsi_plus_gutenberg_icon_type":"","sfsi_plus_gutenberg_icon_alignemt":"","sfsi_plus_gutenburg_max_per_row":"","footnotes":""},"categories":[1,10,6],"tags":[32],"class_list":["post-4800","post","type-post","status-publish","format-standard","has-post-thumbnail","hentry","category-noticias","category-destaques","category-sao_paulo","tag-piraju"],"_links":{"self":[{"href":"https:\/\/noticiasregionais.com.br\/index.php?rest_route=\/wp\/v2\/posts\/4800","targetHints":{"allow":["GET"]}}],"collection":[{"href":"https:\/\/noticiasregionais.com.br\/index.php?rest_route=\/wp\/v2\/posts"}],"about":[{"href":"https:\/\/noticiasregionais.com.br\/index.php?rest_route=\/wp\/v2\/types\/post"}],"author":[{"embeddable":true,"href":"https:\/\/noticiasregionais.com.br\/index.php?rest_route=\/wp\/v2\/users\/1"}],"replies":[{"embeddable":true,"href":"https:\/\/noticiasregionais.com.br\/index.php?rest_route=%2Fwp%2Fv2%2Fcomments&post=4800"}],"version-history":[{"count":1,"href":"https:\/\/noticiasregionais.com.br\/index.php?rest_route=\/wp\/v2\/posts\/4800\/revisions"}],"predecessor-version":[{"id":4803,"href":"https:\/\/noticiasregionais.com.br\/index.php?rest_route=\/wp\/v2\/posts\/4800\/revisions\/4803"}],"wp:featuredmedia":[{"embeddable":true,"href":"https:\/\/noticiasregionais.com.br\/index.php?rest_route=\/wp\/v2\/media\/4802"}],"wp:attachment":[{"href":"https:\/\/noticiasregionais.com.br\/index.php?rest_route=%2Fwp%2Fv2%2Fmedia&parent=4800"}],"wp:term":[{"taxonomy":"category","embeddable":true,"href":"https:\/\/noticiasregionais.com.br\/index.php?rest_route=%2Fwp%2Fv2%2Fcategories&post=4800"},{"taxonomy":"post_tag","embeddable":true,"href":"https:\/\/noticiasregionais.com.br\/index.php?rest_route=%2Fwp%2Fv2%2Ftags&post=4800"}],"curies":[{"name":"wp","href":"https:\/\/api.w.org\/{rel}","templated":true}]}}