{"id":4804,"date":"2025-03-25T07:06:40","date_gmt":"2025-03-25T10:06:40","guid":{"rendered":"https:\/\/noticiasregionais.com.br\/?p=4804"},"modified":"2025-03-25T07:08:37","modified_gmt":"2025-03-25T10:08:37","slug":"baixa-adesao-a-vacina-contra-a-dengue-entre-criancas-de-10-a-14-anos-em-ourinhos","status":"publish","type":"post","link":"https:\/\/noticiasregionais.com.br\/?p=4804","title":{"rendered":"Baixa ades\u00e3o \u00e0 vacina contra a dengue entre crian\u00e7as de 10 a 14 anos em Ourinhos"},"content":{"rendered":"\n<p>A vacina\u00e7\u00e3o contra a dengue continua dispon\u00edvel nas unidades de sa\u00fade de Ourinhos para crian\u00e7as entre 10 e 14 anos, conforme diretriz do Minist\u00e9rio da Sa\u00fade. O esquema vacinal prev\u00ea duas doses, aplicadas com um intervalo de tr\u00eas meses.<\/p>\n\n\n\n<p>Apesar da disponibilidade, a ades\u00e3o tem sido baixa. At\u00e9 o momento, apenas 1.264 crian\u00e7as receberam a primeira dose, o que corresponde a 19,05% do p\u00fablico-alvo. O n\u00famero de segundas doses aplicadas \u00e9 ainda menor, totalizando 321 crian\u00e7as imunizadas, o que equivale a 4,84%. Para garantir a prote\u00e7\u00e3o eficaz contra a doen\u00e7a, \u00e9 fundamental que aqueles que iniciaram o esquema vacinal retornem para a segunda aplica\u00e7\u00e3o.<\/p>\n\n\n\n<p>A imuniza\u00e7\u00e3o ocorre de segunda a sexta-feira, das 8h \u00e0s 17h, e os pais ou respons\u00e1veis devem levar as crian\u00e7as acompanhadas da carteirinha de vacina\u00e7\u00e3o a um dos seguintes postos de sa\u00fade:<\/p>\n\n\n\n<ul class=\"wp-block-list\">\n<li>Centro de Sa\u00fade I (Post\u00e3o Central)<\/li>\n\n\n\n<li>UBS Parque Minas Gerais<\/li>\n\n\n\n<li>UBS COHAB<\/li>\n\n\n\n<li>UBS Vila Brasil<\/li>\n\n\n\n<li>UBS CAIC<\/li>\n\n\n\n<li>UBS Vila Odilon<\/li>\n\n\n\n<li>UBS Itamaraty<\/li>\n\n\n\n<li>UBS Vila Margarida<\/li>\n<\/ul>\n\n\n\n<p>O Brasil \u00e9 pioneiro na inclus\u00e3o da vacina contra a dengue no sistema p\u00fablico de sa\u00fade. No setor privado, cada dose pode custar entre R$ 350 e R$ 500. Embora o imunizante seja recomendado para a faixa et\u00e1ria de 4 a 59 anos, a produ\u00e7\u00e3o limitada do laborat\u00f3rio fabricante levou o Minist\u00e9rio da Sa\u00fade a priorizar, neste momento, os pr\u00e9-adolescentes, devido ao risco mais elevado de complica\u00e7\u00f5es e hospitaliza\u00e7\u00f5es pela doen\u00e7a.<\/p>\n<input type=\"hidden\" id=\"baseurl\" value=\"https:\/\/noticiasregionais.com.br\"><input type=\"hidden\" id=\"audio_nonce\" value=\"533fbb67b1\">","protected":false},"excerpt":{"rendered":"<p>A vacina\u00e7\u00e3o contra a dengue continua dispon\u00edvel nas unidades de sa\u00fade de Ourinhos para crian\u00e7as entre 10 e 14 anos,&hellip;<\/p>\n","protected":false},"author":1,"featured_media":4807,"comment_status":"closed","ping_status":"open","sticky":false,"template":"","format":"standard","meta":{"sfsi_plus_gutenberg_text_before_share":"","sfsi_plus_gutenberg_show_text_before_share":"","sfsi_plus_gutenberg_icon_type":"","sfsi_plus_gutenberg_icon_alignemt":"","sfsi_plus_gutenburg_max_per_row":"","footnotes":""},"categories":[5,10,1],"tags":[16],"class_list":["post-4804","post","type-post","status-publish","format-standard","has-post-thumbnail","hentry","category-ourinhos","category-destaques","category-noticias","tag-ourinhos"],"_links":{"self":[{"href":"https:\/\/noticiasregionais.com.br\/index.php?rest_route=\/wp\/v2\/posts\/4804","targetHints":{"allow":["GET"]}}],"collection":[{"href":"https:\/\/noticiasregionais.com.br\/index.php?rest_route=\/wp\/v2\/posts"}],"about":[{"href":"https:\/\/noticiasregionais.com.br\/index.php?rest_route=\/wp\/v2\/types\/post"}],"author":[{"embeddable":true,"href":"https:\/\/noticiasregionais.com.br\/index.php?rest_route=\/wp\/v2\/users\/1"}],"replies":[{"embeddable":true,"href":"https:\/\/noticiasregionais.com.br\/index.php?rest_route=%2Fwp%2Fv2%2Fcomments&post=4804"}],"version-history":[{"count":1,"href":"https:\/\/noticiasregionais.com.br\/index.php?rest_route=\/wp\/v2\/posts\/4804\/revisions"}],"predecessor-version":[{"id":4806,"href":"https:\/\/noticiasregionais.com.br\/index.php?rest_route=\/wp\/v2\/posts\/4804\/revisions\/4806"}],"wp:featuredmedia":[{"embeddable":true,"href":"https:\/\/noticiasregionais.com.br\/index.php?rest_route=\/wp\/v2\/media\/4807"}],"wp:attachment":[{"href":"https:\/\/noticiasregionais.com.br\/index.php?rest_route=%2Fwp%2Fv2%2Fmedia&parent=4804"}],"wp:term":[{"taxonomy":"category","embeddable":true,"href":"https:\/\/noticiasregionais.com.br\/index.php?rest_route=%2Fwp%2Fv2%2Fcategories&post=4804"},{"taxonomy":"post_tag","embeddable":true,"href":"https:\/\/noticiasregionais.com.br\/index.php?rest_route=%2Fwp%2Fv2%2Ftags&post=4804"}],"curies":[{"name":"wp","href":"https:\/\/api.w.org\/{rel}","templated":true}]}}