{"id":4808,"date":"2025-03-25T07:19:01","date_gmt":"2025-03-25T10:19:01","guid":{"rendered":"https:\/\/noticiasregionais.com.br\/?p=4808"},"modified":"2025-03-25T07:19:04","modified_gmt":"2025-03-25T10:19:04","slug":"projeto-da-santa-casa-de-ourinhos-e-reconhecido-em-reuniao-da-drs-de-marilia","status":"publish","type":"post","link":"https:\/\/noticiasregionais.com.br\/?p=4808","title":{"rendered":"Projeto da Santa Casa de Ourinhos \u00e9 reconhecido em reuni\u00e3o da DRS de Mar\u00edlia"},"content":{"rendered":"\n<p>Buscando aprimorar o atendimento aos pacientes internados, a equipe Multidisciplinar e o N\u00facleo de Humaniza\u00e7\u00e3o da Santa Casa de Ourinhos desenvolveram a iniciativa \u201cExperi\u00eancia do Paciente\u201d.<\/p>\n\n\n\n<p>Durante a reuni\u00e3o do Departamento Regional de Sa\u00fade (DRS) de Mar\u00edlia, realizada em 14 de mar\u00e7o, o projeto foi apresentado aos representantes dos munic\u00edpios participantes, ganhando destaque entre as iniciativas voltadas \u00e0 humaniza\u00e7\u00e3o hospitalar.<\/p>\n\n\n\n<p>O projeto tem como foco trazer o paciente e seus familiares de volta ao hospital ap\u00f3s a alta para uma roda de conversa. Esse momento permite que relatem suas experi\u00eancias, apontando aspectos positivos e oportunidades de melhoria no per\u00edodo de interna\u00e7\u00e3o. Com base nesses relatos, a equipe consegue aperfei\u00e7oar os processos internos e o acolhimento dos pacientes.<\/p>\n\n\n\n<p>A Santa Casa de Ourinhos realiza 92% dos atendimentos via SUS e \u00e9 refer\u00eancia hospitalar para Ourinhos e outros 12 munic\u00edpios da regi\u00e3o.<\/p>\n\n\n\n<figure class=\"wp-block-gallery has-nested-images columns-default is-cropped wp-block-gallery-1 is-layout-flex wp-block-gallery-is-layout-flex\">\n<figure class=\"wp-block-image size-large\"><img decoding=\"async\" width=\"767\" height=\"1024\" data-id=\"4810\" src=\"https:\/\/noticiasregionais.com.br\/wp-content\/uploads\/2025\/03\/WhatsApp-Image-2025-03-24-at-14.19.33-767x1024.jpeg\" alt=\"\" class=\"wp-image-4810\" srcset=\"https:\/\/noticiasregionais.com.br\/wp-content\/uploads\/2025\/03\/WhatsApp-Image-2025-03-24-at-14.19.33-767x1024.jpeg 767w, https:\/\/noticiasregionais.com.br\/wp-content\/uploads\/2025\/03\/WhatsApp-Image-2025-03-24-at-14.19.33-225x300.jpeg 225w, https:\/\/noticiasregionais.com.br\/wp-content\/uploads\/2025\/03\/WhatsApp-Image-2025-03-24-at-14.19.33-768x1025.jpeg 768w, https:\/\/noticiasregionais.com.br\/wp-content\/uploads\/2025\/03\/WhatsApp-Image-2025-03-24-at-14.19.33.jpeg 959w\" sizes=\"(max-width: 767px) 100vw, 767px\" \/><\/figure>\n\n\n\n<figure class=\"wp-block-image size-large\"><img decoding=\"async\" width=\"768\" height=\"1024\" data-id=\"4811\" src=\"https:\/\/noticiasregionais.com.br\/wp-content\/uploads\/2025\/03\/WhatsApp-Image-2025-03-24-at-14.19.32-768x1024.jpeg\" alt=\"\" class=\"wp-image-4811\" srcset=\"https:\/\/noticiasregionais.com.br\/wp-content\/uploads\/2025\/03\/WhatsApp-Image-2025-03-24-at-14.19.32-768x1024.jpeg 768w, https:\/\/noticiasregionais.com.br\/wp-content\/uploads\/2025\/03\/WhatsApp-Image-2025-03-24-at-14.19.32-225x300.jpeg 225w, https:\/\/noticiasregionais.com.br\/wp-content\/uploads\/2025\/03\/WhatsApp-Image-2025-03-24-at-14.19.32.jpeg 960w\" sizes=\"(max-width: 768px) 100vw, 768px\" \/><\/figure>\n<\/figure>\n<input type=\"hidden\" id=\"baseurl\" value=\"https:\/\/noticiasregionais.com.br\"><input type=\"hidden\" id=\"audio_nonce\" value=\"533fbb67b1\">","protected":false},"excerpt":{"rendered":"<p>Buscando aprimorar o atendimento aos pacientes internados, a equipe Multidisciplinar e o N\u00facleo de Humaniza\u00e7\u00e3o da Santa Casa de Ourinhos&hellip;<\/p>\n","protected":false},"author":1,"featured_media":4809,"comment_status":"closed","ping_status":"open","sticky":false,"template":"","format":"standard","meta":{"sfsi_plus_gutenberg_text_before_share":"","sfsi_plus_gutenberg_show_text_before_share":"","sfsi_plus_gutenberg_icon_type":"","sfsi_plus_gutenberg_icon_alignemt":"","sfsi_plus_gutenburg_max_per_row":"","footnotes":""},"categories":[5,10,1],"tags":[16],"class_list":["post-4808","post","type-post","status-publish","format-standard","has-post-thumbnail","hentry","category-ourinhos","category-destaques","category-noticias","tag-ourinhos"],"_links":{"self":[{"href":"https:\/\/noticiasregionais.com.br\/index.php?rest_route=\/wp\/v2\/posts\/4808","targetHints":{"allow":["GET"]}}],"collection":[{"href":"https:\/\/noticiasregionais.com.br\/index.php?rest_route=\/wp\/v2\/posts"}],"about":[{"href":"https:\/\/noticiasregionais.com.br\/index.php?rest_route=\/wp\/v2\/types\/post"}],"author":[{"embeddable":true,"href":"https:\/\/noticiasregionais.com.br\/index.php?rest_route=\/wp\/v2\/users\/1"}],"replies":[{"embeddable":true,"href":"https:\/\/noticiasregionais.com.br\/index.php?rest_route=%2Fwp%2Fv2%2Fcomments&post=4808"}],"version-history":[{"count":1,"href":"https:\/\/noticiasregionais.com.br\/index.php?rest_route=\/wp\/v2\/posts\/4808\/revisions"}],"predecessor-version":[{"id":4812,"href":"https:\/\/noticiasregionais.com.br\/index.php?rest_route=\/wp\/v2\/posts\/4808\/revisions\/4812"}],"wp:featuredmedia":[{"embeddable":true,"href":"https:\/\/noticiasregionais.com.br\/index.php?rest_route=\/wp\/v2\/media\/4809"}],"wp:attachment":[{"href":"https:\/\/noticiasregionais.com.br\/index.php?rest_route=%2Fwp%2Fv2%2Fmedia&parent=4808"}],"wp:term":[{"taxonomy":"category","embeddable":true,"href":"https:\/\/noticiasregionais.com.br\/index.php?rest_route=%2Fwp%2Fv2%2Fcategories&post=4808"},{"taxonomy":"post_tag","embeddable":true,"href":"https:\/\/noticiasregionais.com.br\/index.php?rest_route=%2Fwp%2Fv2%2Ftags&post=4808"}],"curies":[{"name":"wp","href":"https:\/\/api.w.org\/{rel}","templated":true}]}}