{"id":4813,"date":"2025-03-25T07:29:12","date_gmt":"2025-03-25T10:29:12","guid":{"rendered":"https:\/\/noticiasregionais.com.br\/?p=4813"},"modified":"2025-03-25T07:29:15","modified_gmt":"2025-03-25T10:29:15","slug":"policia-rodoviaria-prende-traficantes-em-rodovia-de-assis-sp","status":"publish","type":"post","link":"https:\/\/noticiasregionais.com.br\/?p=4813","title":{"rendered":"Pol\u00edcia Rodovi\u00e1ria prende traficantes em rodovia de Assis\/SP"},"content":{"rendered":"\n<p>Na manh\u00e3 do dia 24 de mar\u00e7o de 2024, durante a &#8220;Opera\u00e7\u00e3o Impacto&#8221;, policiais militares do T\u00e1tico Ostensivo Rodovi\u00e1rio realizaram uma abordagem a um \u00f4nibus de linha regular que seguia de Corumb\u00e1\/MS para S\u00e3o Paulo\/SP. Durante a vistoria, os agentes localizaram drogas escondidas nas bagagens de duas passageiras.<\/p>\n\n\n\n<p>No interior das malas, foi identificado um fundo falso contendo entorpecentes. Com uma passageira de nacionalidade boliviana, foram encontrados 3,008 kg de coca\u00edna, avaliados em aproximadamente R$ 150.000,00. J\u00e1 na bagagem de uma passageira brasileira, os policiais apreenderam 3,068 kg de haxixe marroquino, estimados em cerca de R$ 210.000,00.<\/p>\n\n\n\n<p>A ocorr\u00eancia foi apresentada \u00e0 Pol\u00edcia Federal de Mar\u00edlia\/SP, onde foram tomadas as devidas provid\u00eancias. Ap\u00f3s os procedimentos legais, as envolvidas foram encaminhadas ao Centro de Deten\u00e7\u00e3o Provis\u00f3ria (CDP) de Piraju\u00ed\/SP.<\/p>\n\n\n\n<p>A a\u00e7\u00e3o refor\u00e7a o compromisso das for\u00e7as de seguran\u00e7a no combate ao tr\u00e1fico de drogas nas rodovias paulistas, retirando entorpecentes de circula\u00e7\u00e3o e garantindo maior seguran\u00e7a para a popula\u00e7\u00e3o.<\/p>\n<input type=\"hidden\" id=\"baseurl\" value=\"https:\/\/noticiasregionais.com.br\"><input type=\"hidden\" id=\"audio_nonce\" value=\"533fbb67b1\">","protected":false},"excerpt":{"rendered":"<p>Na manh\u00e3 do dia 24 de mar\u00e7o de 2024, durante a &#8220;Opera\u00e7\u00e3o Impacto&#8221;, policiais militares do T\u00e1tico Ostensivo Rodovi\u00e1rio realizaram&hellip;<\/p>\n","protected":false},"author":1,"featured_media":4814,"comment_status":"closed","ping_status":"open","sticky":false,"template":"","format":"standard","meta":{"sfsi_plus_gutenberg_text_before_share":"","sfsi_plus_gutenberg_show_text_before_share":"","sfsi_plus_gutenberg_icon_type":"","sfsi_plus_gutenberg_icon_alignemt":"","sfsi_plus_gutenburg_max_per_row":"","footnotes":""},"categories":[6,12,1],"tags":[34],"class_list":["post-4813","post","type-post","status-publish","format-standard","has-post-thumbnail","hentry","category-sao_paulo","category-capa","category-noticias","tag-assis"],"_links":{"self":[{"href":"https:\/\/noticiasregionais.com.br\/index.php?rest_route=\/wp\/v2\/posts\/4813","targetHints":{"allow":["GET"]}}],"collection":[{"href":"https:\/\/noticiasregionais.com.br\/index.php?rest_route=\/wp\/v2\/posts"}],"about":[{"href":"https:\/\/noticiasregionais.com.br\/index.php?rest_route=\/wp\/v2\/types\/post"}],"author":[{"embeddable":true,"href":"https:\/\/noticiasregionais.com.br\/index.php?rest_route=\/wp\/v2\/users\/1"}],"replies":[{"embeddable":true,"href":"https:\/\/noticiasregionais.com.br\/index.php?rest_route=%2Fwp%2Fv2%2Fcomments&post=4813"}],"version-history":[{"count":1,"href":"https:\/\/noticiasregionais.com.br\/index.php?rest_route=\/wp\/v2\/posts\/4813\/revisions"}],"predecessor-version":[{"id":4815,"href":"https:\/\/noticiasregionais.com.br\/index.php?rest_route=\/wp\/v2\/posts\/4813\/revisions\/4815"}],"wp:featuredmedia":[{"embeddable":true,"href":"https:\/\/noticiasregionais.com.br\/index.php?rest_route=\/wp\/v2\/media\/4814"}],"wp:attachment":[{"href":"https:\/\/noticiasregionais.com.br\/index.php?rest_route=%2Fwp%2Fv2%2Fmedia&parent=4813"}],"wp:term":[{"taxonomy":"category","embeddable":true,"href":"https:\/\/noticiasregionais.com.br\/index.php?rest_route=%2Fwp%2Fv2%2Fcategories&post=4813"},{"taxonomy":"post_tag","embeddable":true,"href":"https:\/\/noticiasregionais.com.br\/index.php?rest_route=%2Fwp%2Fv2%2Ftags&post=4813"}],"curies":[{"name":"wp","href":"https:\/\/api.w.org\/{rel}","templated":true}]}}