{"id":4832,"date":"2025-03-26T09:02:55","date_gmt":"2025-03-26T12:02:55","guid":{"rendered":"https:\/\/noticiasregionais.com.br\/?p=4832"},"modified":"2025-03-26T09:02:58","modified_gmt":"2025-03-26T12:02:58","slug":"procon-de-ourinhos-se-prepara-para-a-implantacao-do-sistema-digital","status":"publish","type":"post","link":"https:\/\/noticiasregionais.com.br\/?p=4832","title":{"rendered":"Procon de Ourinhos se prepara para a implanta\u00e7\u00e3o do sistema digital"},"content":{"rendered":"\n<p class=\"has-text-align-center\"><strong>A moderniza\u00e7\u00e3o promete tornar os atendimentos mais \u00e1geis e eficientes para os consumidores.<\/strong><\/p>\n\n\n\n<p>O Procon de Ourinhos deu um passo importante rumo \u00e0 moderniza\u00e7\u00e3o dos seus servi\u00e7os. Nesta semana, a equipe participou de uma reuni\u00e3o t\u00e9cnica promovida pela Funda\u00e7\u00e3o Procon-SP, em S\u00e3o Paulo, reunindo gestores de diversas cidades paulistas. O encontro teve como objetivo capacitar os novos dirigentes e apresentar ferramentas inovadoras para aprimorar o atendimento ao consumidor, com destaque para o Procon Digital.<\/p>\n\n\n\n<p>Durante o evento, foram debatidas diretrizes estrat\u00e9gicas, a integra\u00e7\u00e3o entre os munic\u00edpios e o fortalecimento da defesa dos direitos do consumidor. O grande destaque foi o Procon Digital, um sistema projetado para agilizar os atendimentos, otimizar processos e oferecer mais efici\u00eancia tanto para os consumidores quanto para os servidores.<\/p>\n\n\n\n<p>A gerente do Procon de Ourinhos, J\u00e9ssica Caroline Const\u00e2ncio Pereira, explicou que a cidade ainda n\u00e3o conta com essa tecnologia, mas j\u00e1 iniciou o processo de ades\u00e3o. \u201cSolicitamos a implanta\u00e7\u00e3o do Procon Digital em Ourinhos e esperamos que ele seja implementado em breve. Acreditamos que o sistema trar\u00e1 grandes avan\u00e7os na qualidade e na rapidez dos servi\u00e7os prestados \u00e0 popula\u00e7\u00e3o\u201d, afirmou.<\/p>\n\n\n\n<p>O encontro refor\u00e7ou o compromisso da rede Procon com a inova\u00e7\u00e3o e a excel\u00eancia no atendimento ao consumidor em todo o Estado de S\u00e3o Paulo, fortalecendo a defesa dos direitos dos cidad\u00e3os e impulsionando a moderniza\u00e7\u00e3o dos servi\u00e7os em Ourinhos.<\/p>\n\n\n<div class=\"wp-block-image\">\n<figure class=\"aligncenter size-full\"><img decoding=\"async\" width=\"960\" height=\"673\" src=\"https:\/\/noticiasregionais.com.br\/wp-content\/uploads\/2025\/03\/WhatsApp-Image-2025-03-26-at-08.23.39.jpeg\" alt=\"\" class=\"wp-image-4833\" srcset=\"https:\/\/noticiasregionais.com.br\/wp-content\/uploads\/2025\/03\/WhatsApp-Image-2025-03-26-at-08.23.39.jpeg 960w, https:\/\/noticiasregionais.com.br\/wp-content\/uploads\/2025\/03\/WhatsApp-Image-2025-03-26-at-08.23.39-300x210.jpeg 300w, https:\/\/noticiasregionais.com.br\/wp-content\/uploads\/2025\/03\/WhatsApp-Image-2025-03-26-at-08.23.39-768x538.jpeg 768w\" sizes=\"(max-width: 960px) 100vw, 960px\" \/><\/figure>\n<\/div><input type=\"hidden\" id=\"baseurl\" value=\"https:\/\/noticiasregionais.com.br\"><input type=\"hidden\" id=\"audio_nonce\" value=\"533fbb67b1\">","protected":false},"excerpt":{"rendered":"<p>A moderniza\u00e7\u00e3o promete tornar os atendimentos mais \u00e1geis e eficientes para os consumidores. O Procon de Ourinhos deu um passo&hellip;<\/p>\n","protected":false},"author":1,"featured_media":4834,"comment_status":"closed","ping_status":"open","sticky":false,"template":"","format":"standard","meta":{"sfsi_plus_gutenberg_text_before_share":"","sfsi_plus_gutenberg_show_text_before_share":"","sfsi_plus_gutenberg_icon_type":"","sfsi_plus_gutenberg_icon_alignemt":"","sfsi_plus_gutenburg_max_per_row":"","footnotes":""},"categories":[5,10,1],"tags":[16],"class_list":["post-4832","post","type-post","status-publish","format-standard","has-post-thumbnail","hentry","category-ourinhos","category-destaques","category-noticias","tag-ourinhos"],"_links":{"self":[{"href":"https:\/\/noticiasregionais.com.br\/index.php?rest_route=\/wp\/v2\/posts\/4832","targetHints":{"allow":["GET"]}}],"collection":[{"href":"https:\/\/noticiasregionais.com.br\/index.php?rest_route=\/wp\/v2\/posts"}],"about":[{"href":"https:\/\/noticiasregionais.com.br\/index.php?rest_route=\/wp\/v2\/types\/post"}],"author":[{"embeddable":true,"href":"https:\/\/noticiasregionais.com.br\/index.php?rest_route=\/wp\/v2\/users\/1"}],"replies":[{"embeddable":true,"href":"https:\/\/noticiasregionais.com.br\/index.php?rest_route=%2Fwp%2Fv2%2Fcomments&post=4832"}],"version-history":[{"count":1,"href":"https:\/\/noticiasregionais.com.br\/index.php?rest_route=\/wp\/v2\/posts\/4832\/revisions"}],"predecessor-version":[{"id":4835,"href":"https:\/\/noticiasregionais.com.br\/index.php?rest_route=\/wp\/v2\/posts\/4832\/revisions\/4835"}],"wp:featuredmedia":[{"embeddable":true,"href":"https:\/\/noticiasregionais.com.br\/index.php?rest_route=\/wp\/v2\/media\/4834"}],"wp:attachment":[{"href":"https:\/\/noticiasregionais.com.br\/index.php?rest_route=%2Fwp%2Fv2%2Fmedia&parent=4832"}],"wp:term":[{"taxonomy":"category","embeddable":true,"href":"https:\/\/noticiasregionais.com.br\/index.php?rest_route=%2Fwp%2Fv2%2Fcategories&post=4832"},{"taxonomy":"post_tag","embeddable":true,"href":"https:\/\/noticiasregionais.com.br\/index.php?rest_route=%2Fwp%2Fv2%2Ftags&post=4832"}],"curies":[{"name":"wp","href":"https:\/\/api.w.org\/{rel}","templated":true}]}}