{"id":4836,"date":"2025-03-27T08:10:29","date_gmt":"2025-03-27T11:10:29","guid":{"rendered":"https:\/\/noticiasregionais.com.br\/?p=4836"},"modified":"2025-03-27T08:10:31","modified_gmt":"2025-03-27T11:10:31","slug":"prefeitura-de-ourinhos-amplia-assistencia-a-pacientes-com-dengue-no-postao-central","status":"publish","type":"post","link":"https:\/\/noticiasregionais.com.br\/?p=4836","title":{"rendered":"Prefeitura de Ourinhos amplia assist\u00eancia a pacientes com Dengue no Post\u00e3o Central"},"content":{"rendered":"\n<p>A fim de fortalecer o combate \u00e0 Dengue e agilizar o atendimento \u00e0 popula\u00e7\u00e3o, a Prefeitura de Ourinhos, por meio da Secretaria Municipal de Sa\u00fade, reestruturou o fluxo de atendimento no Post\u00e3o Central. A unidade agora disp\u00f5e de um espa\u00e7o espec\u00edfico para acolher pacientes com suspeita ou confirma\u00e7\u00e3o da doen\u00e7a.<\/p>\n\n\n\n<p>O Post\u00e3o Central passou a oferecer atendimento m\u00e9dico direcionado, uma sala de hidrata\u00e7\u00e3o e fornecimento de medicamentos, garantindo um suporte mais eficiente desde o diagn\u00f3stico at\u00e9 o tratamento.<\/p>\n\n\n\n<p>Para atender \u00e0 crescente demanda, os hor\u00e1rios de funcionamento foram ampliados:<\/p>\n\n\n\n<ul class=\"wp-block-list\">\n<li>Segunda a sexta-feira: das 08h \u00e0s 17h e das 18h \u00e0 00h.<\/li>\n<\/ul>\n\n\n\n<p>Os demais atendimentos realizados na unidade continuam sem altera\u00e7\u00f5es.<\/p>\n\n\n\n<p>Al\u00e9m disso, outras unidades de sa\u00fade tamb\u00e9m ampliaram seus hor\u00e1rios para o atendimento exclusivo de casos de Dengue:<\/p>\n\n\n\n<ul class=\"wp-block-list\">\n<li>UBS S\u00e3o Luiz: todos os dias, das 07h \u00e0s 21h;<\/li>\n\n\n\n<li>UBS CAIC e USF Pacheco Chaves: segunda a sexta-feira, das 07h \u00e0s 22h;<\/li>\n\n\n\n<li>UBS PA Cohab: segunda a domingo, das 07h \u00e0 00h.<\/li>\n<\/ul>\n\n\n\n<p>A a\u00e7\u00e3o faz parte da campanha &#8220;De Olho na Dengue&#8221;, que visa intensificar o combate ao mosquito Aedes aegypti, transmissor da doen\u00e7a. A Secretaria de Sa\u00fade refor\u00e7a a import\u00e2ncia da preven\u00e7\u00e3o e pede a colabora\u00e7\u00e3o da popula\u00e7\u00e3o na elimina\u00e7\u00e3o de poss\u00edveis criadouros do inseto em suas casas e terrenos.<\/p>\n<input type=\"hidden\" id=\"baseurl\" value=\"https:\/\/noticiasregionais.com.br\"><input type=\"hidden\" id=\"audio_nonce\" value=\"533fbb67b1\">","protected":false},"excerpt":{"rendered":"<p>A fim de fortalecer o combate \u00e0 Dengue e agilizar o atendimento \u00e0 popula\u00e7\u00e3o, a Prefeitura de Ourinhos, por meio&hellip;<\/p>\n","protected":false},"author":1,"featured_media":4837,"comment_status":"closed","ping_status":"open","sticky":false,"template":"","format":"standard","meta":{"sfsi_plus_gutenberg_text_before_share":"","sfsi_plus_gutenberg_show_text_before_share":"","sfsi_plus_gutenberg_icon_type":"","sfsi_plus_gutenberg_icon_alignemt":"","sfsi_plus_gutenburg_max_per_row":"","footnotes":""},"categories":[12,1,5],"tags":[16],"class_list":["post-4836","post","type-post","status-publish","format-standard","has-post-thumbnail","hentry","category-capa","category-noticias","category-ourinhos","tag-ourinhos"],"_links":{"self":[{"href":"https:\/\/noticiasregionais.com.br\/index.php?rest_route=\/wp\/v2\/posts\/4836","targetHints":{"allow":["GET"]}}],"collection":[{"href":"https:\/\/noticiasregionais.com.br\/index.php?rest_route=\/wp\/v2\/posts"}],"about":[{"href":"https:\/\/noticiasregionais.com.br\/index.php?rest_route=\/wp\/v2\/types\/post"}],"author":[{"embeddable":true,"href":"https:\/\/noticiasregionais.com.br\/index.php?rest_route=\/wp\/v2\/users\/1"}],"replies":[{"embeddable":true,"href":"https:\/\/noticiasregionais.com.br\/index.php?rest_route=%2Fwp%2Fv2%2Fcomments&post=4836"}],"version-history":[{"count":1,"href":"https:\/\/noticiasregionais.com.br\/index.php?rest_route=\/wp\/v2\/posts\/4836\/revisions"}],"predecessor-version":[{"id":4838,"href":"https:\/\/noticiasregionais.com.br\/index.php?rest_route=\/wp\/v2\/posts\/4836\/revisions\/4838"}],"wp:featuredmedia":[{"embeddable":true,"href":"https:\/\/noticiasregionais.com.br\/index.php?rest_route=\/wp\/v2\/media\/4837"}],"wp:attachment":[{"href":"https:\/\/noticiasregionais.com.br\/index.php?rest_route=%2Fwp%2Fv2%2Fmedia&parent=4836"}],"wp:term":[{"taxonomy":"category","embeddable":true,"href":"https:\/\/noticiasregionais.com.br\/index.php?rest_route=%2Fwp%2Fv2%2Fcategories&post=4836"},{"taxonomy":"post_tag","embeddable":true,"href":"https:\/\/noticiasregionais.com.br\/index.php?rest_route=%2Fwp%2Fv2%2Ftags&post=4836"}],"curies":[{"name":"wp","href":"https:\/\/api.w.org\/{rel}","templated":true}]}}