{"id":4842,"date":"2025-03-28T08:00:19","date_gmt":"2025-03-28T11:00:19","guid":{"rendered":"https:\/\/noticiasregionais.com.br\/?p=4842"},"modified":"2025-03-28T08:00:22","modified_gmt":"2025-03-28T11:00:22","slug":"operacao-talisma-resulta-em-novas-prisoes-e-apreensoes-por-trafico-e-armas-irregulares-em-santo-antonio","status":"publish","type":"post","link":"https:\/\/noticiasregionais.com.br\/?p=4842","title":{"rendered":"Opera\u00e7\u00e3o Talism\u00e3 resulta em novas pris\u00f5es e apreens\u00f5es por tr\u00e1fico e armas irregulares em Santo Ant\u00f4nio"},"content":{"rendered":"\n<p>Na manh\u00e3 desta ter\u00e7a-feira (26), por volta das 11h20, policiais militares do 2\u00ba Batalh\u00e3o realizaram uma a\u00e7\u00e3o no bairro Vila S\u00e3o Jos\u00e9, em Santo Ant\u00f4nio da Platina, como parte da Opera\u00e7\u00e3o Talism\u00e3. A dilig\u00eancia ocorreu ap\u00f3s o cumprimento de mandados de busca e apreens\u00e3o e a obten\u00e7\u00e3o de informa\u00e7\u00f5es privilegiadas sobre objetos il\u00edcitos escondidos na resid\u00eancia de uma mulher.<\/p>\n\n\n\n<p>No local, os policiais encontraram uma pistola .380, um rev\u00f3lver .22, muni\u00e7\u00f5es de diferentes calibres, tr\u00eas coldres, uma capa de colete t\u00e1tico, uma algema, 222 gramas de coca\u00edna, 528 gramas de crack, 44 comprimidos de ecstasy, l\u00e2minas de barbear e embalagens pl\u00e1sticas utilizadas para o fracionamento de entorpecentes.<\/p>\n\n\n\n<p>A suspeita foi presa em flagrante e encaminhada \u00e0s autoridades competentes. A Opera\u00e7\u00e3o Talism\u00e3 segue intensificando as a\u00e7\u00f5es para combater o crime organizado e garantir mais seguran\u00e7a para a popula\u00e7\u00e3o.<\/p>\n<input type=\"hidden\" id=\"baseurl\" value=\"https:\/\/noticiasregionais.com.br\"><input type=\"hidden\" id=\"audio_nonce\" value=\"533fbb67b1\">","protected":false},"excerpt":{"rendered":"<p>Na manh\u00e3 desta ter\u00e7a-feira (26), por volta das 11h20, policiais militares do 2\u00ba Batalh\u00e3o realizaram uma a\u00e7\u00e3o no bairro Vila&hellip;<\/p>\n","protected":false},"author":1,"featured_media":4843,"comment_status":"closed","ping_status":"open","sticky":false,"template":"","format":"standard","meta":{"sfsi_plus_gutenberg_text_before_share":"","sfsi_plus_gutenberg_show_text_before_share":"","sfsi_plus_gutenberg_icon_type":"","sfsi_plus_gutenberg_icon_alignemt":"","sfsi_plus_gutenburg_max_per_row":"","footnotes":""},"categories":[7,10,1],"tags":[35],"class_list":["post-4842","post","type-post","status-publish","format-standard","has-post-thumbnail","hentry","category-parana","category-destaques","category-noticias","tag-santo_antonio_da_platina"],"_links":{"self":[{"href":"https:\/\/noticiasregionais.com.br\/index.php?rest_route=\/wp\/v2\/posts\/4842","targetHints":{"allow":["GET"]}}],"collection":[{"href":"https:\/\/noticiasregionais.com.br\/index.php?rest_route=\/wp\/v2\/posts"}],"about":[{"href":"https:\/\/noticiasregionais.com.br\/index.php?rest_route=\/wp\/v2\/types\/post"}],"author":[{"embeddable":true,"href":"https:\/\/noticiasregionais.com.br\/index.php?rest_route=\/wp\/v2\/users\/1"}],"replies":[{"embeddable":true,"href":"https:\/\/noticiasregionais.com.br\/index.php?rest_route=%2Fwp%2Fv2%2Fcomments&post=4842"}],"version-history":[{"count":1,"href":"https:\/\/noticiasregionais.com.br\/index.php?rest_route=\/wp\/v2\/posts\/4842\/revisions"}],"predecessor-version":[{"id":4844,"href":"https:\/\/noticiasregionais.com.br\/index.php?rest_route=\/wp\/v2\/posts\/4842\/revisions\/4844"}],"wp:featuredmedia":[{"embeddable":true,"href":"https:\/\/noticiasregionais.com.br\/index.php?rest_route=\/wp\/v2\/media\/4843"}],"wp:attachment":[{"href":"https:\/\/noticiasregionais.com.br\/index.php?rest_route=%2Fwp%2Fv2%2Fmedia&parent=4842"}],"wp:term":[{"taxonomy":"category","embeddable":true,"href":"https:\/\/noticiasregionais.com.br\/index.php?rest_route=%2Fwp%2Fv2%2Fcategories&post=4842"},{"taxonomy":"post_tag","embeddable":true,"href":"https:\/\/noticiasregionais.com.br\/index.php?rest_route=%2Fwp%2Fv2%2Ftags&post=4842"}],"curies":[{"name":"wp","href":"https:\/\/api.w.org\/{rel}","templated":true}]}}