{"id":4846,"date":"2025-04-01T21:09:11","date_gmt":"2025-04-02T00:09:11","guid":{"rendered":"https:\/\/noticiasregionais.com.br\/?p=4846"},"modified":"2025-04-01T21:09:13","modified_gmt":"2025-04-02T00:09:13","slug":"prefeito-mario-rosa-se-reune-com-secretaria-estadual-para-debater-melhorias-no-saneamento","status":"publish","type":"post","link":"https:\/\/noticiasregionais.com.br\/?p=4846","title":{"rendered":"Prefeito M\u00e1rio Rosa se re\u00fane com secret\u00e1ria estadual para debater melhorias no saneamento"},"content":{"rendered":"\n<p>Nesta segunda-feira (31), o prefeito de Salto Grande, M\u00e1rio Rosa, participou de um encontro estrat\u00e9gico promovido pela deputada estadual Dani Alonso (PL) em Mar\u00edlia. A reuni\u00e3o contou com a presen\u00e7a da secret\u00e1ria estadual de Meio Ambiente, Infraestrutura e Log\u00edstica, Nat\u00e1lia Rezende, do secret\u00e1rio executivo da Secretaria de Parcerias e Investimentos do Estado de S\u00e3o Paulo, Diego Domingos, al\u00e9m de diversos prefeitos da regi\u00e3o.<\/p>\n\n\n\n<p>O principal tema do encontro foi a amplia\u00e7\u00e3o e moderniza\u00e7\u00e3o do saneamento b\u00e1sico nos munic\u00edpios. A deputada Dani Alonso enfatizou o comprometimento do governador Tarc\u00edsio de Freitas em oferecer infraestrutura de qualidade, promover a preserva\u00e7\u00e3o ambiental e garantir mais qualidade de vida \u00e0 popula\u00e7\u00e3o.<\/p>\n\n\n\n<p>Durante a reuni\u00e3o, M\u00e1rio Rosa apresentou demandas essenciais para Salto Grande, refor\u00e7ando a import\u00e2ncia de investimentos na \u00e1rea. &#8220;Melhorar o saneamento \u00e9 investir diretamente na sa\u00fade e no bem-estar da nossa popula\u00e7\u00e3o. Esse encontro foi uma grande oportunidade para fortalecer parcerias e buscar solu\u00e7\u00f5es efetivas para nossa cidade&#8221;, afirmou o prefeito.<\/p>\n\n\n\n<p>A participa\u00e7\u00e3o ativa de M\u00e1rio Rosa no evento demonstra seu empenho na busca por avan\u00e7os estruturais para Salto Grande. A colabora\u00e7\u00e3o entre governos estadual e municipal \u00e9 essencial para o desenvolvimento sustent\u00e1vel da regi\u00e3o.<\/p>\n\n\n\n<p>O evento tamb\u00e9m contou com a presen\u00e7a de outros prefeitos e do deputado federal Capit\u00e3o Augusto (PL), ampliando a representatividade pol\u00edtica e o alinhamento das lideran\u00e7as para viabilizar melhorias para os munic\u00edpios.<\/p>\n<input type=\"hidden\" id=\"baseurl\" value=\"https:\/\/noticiasregionais.com.br\"><input type=\"hidden\" id=\"audio_nonce\" value=\"3cdc555a10\">","protected":false},"excerpt":{"rendered":"<p>Nesta segunda-feira (31), o prefeito de Salto Grande, M\u00e1rio Rosa, participou de um encontro estrat\u00e9gico promovido pela deputada estadual Dani&hellip;<\/p>\n","protected":false},"author":1,"featured_media":4847,"comment_status":"closed","ping_status":"open","sticky":false,"template":"","format":"standard","meta":{"sfsi_plus_gutenberg_text_before_share":"","sfsi_plus_gutenberg_show_text_before_share":"","sfsi_plus_gutenberg_icon_type":"","sfsi_plus_gutenberg_icon_alignemt":"","sfsi_plus_gutenburg_max_per_row":"","footnotes":""},"categories":[6,10,1],"tags":[15],"class_list":["post-4846","post","type-post","status-publish","format-standard","has-post-thumbnail","hentry","category-sao_paulo","category-destaques","category-noticias","tag-salto_grande"],"_links":{"self":[{"href":"https:\/\/noticiasregionais.com.br\/index.php?rest_route=\/wp\/v2\/posts\/4846","targetHints":{"allow":["GET"]}}],"collection":[{"href":"https:\/\/noticiasregionais.com.br\/index.php?rest_route=\/wp\/v2\/posts"}],"about":[{"href":"https:\/\/noticiasregionais.com.br\/index.php?rest_route=\/wp\/v2\/types\/post"}],"author":[{"embeddable":true,"href":"https:\/\/noticiasregionais.com.br\/index.php?rest_route=\/wp\/v2\/users\/1"}],"replies":[{"embeddable":true,"href":"https:\/\/noticiasregionais.com.br\/index.php?rest_route=%2Fwp%2Fv2%2Fcomments&post=4846"}],"version-history":[{"count":1,"href":"https:\/\/noticiasregionais.com.br\/index.php?rest_route=\/wp\/v2\/posts\/4846\/revisions"}],"predecessor-version":[{"id":4848,"href":"https:\/\/noticiasregionais.com.br\/index.php?rest_route=\/wp\/v2\/posts\/4846\/revisions\/4848"}],"wp:featuredmedia":[{"embeddable":true,"href":"https:\/\/noticiasregionais.com.br\/index.php?rest_route=\/wp\/v2\/media\/4847"}],"wp:attachment":[{"href":"https:\/\/noticiasregionais.com.br\/index.php?rest_route=%2Fwp%2Fv2%2Fmedia&parent=4846"}],"wp:term":[{"taxonomy":"category","embeddable":true,"href":"https:\/\/noticiasregionais.com.br\/index.php?rest_route=%2Fwp%2Fv2%2Fcategories&post=4846"},{"taxonomy":"post_tag","embeddable":true,"href":"https:\/\/noticiasregionais.com.br\/index.php?rest_route=%2Fwp%2Fv2%2Ftags&post=4846"}],"curies":[{"name":"wp","href":"https:\/\/api.w.org\/{rel}","templated":true}]}}