{"id":4857,"date":"2025-04-01T22:21:42","date_gmt":"2025-04-02T01:21:42","guid":{"rendered":"https:\/\/noticiasregionais.com.br\/?p=4857"},"modified":"2025-04-01T22:21:45","modified_gmt":"2025-04-02T01:21:45","slug":"reuniao-debate-combate-ao-escapamento-aberto-em-motos-e-bicicletas-alem-de-outras-melhorias-no-transito","status":"publish","type":"post","link":"https:\/\/noticiasregionais.com.br\/?p=4857","title":{"rendered":"Reuni\u00e3o debate combate ao escapamento aberto em motos e bicicletas, al\u00e9m de outras melhorias no tr\u00e2nsito"},"content":{"rendered":"\n<p>Na manh\u00e3 de segunda-feira (31), o prefeito Guilherme Gon\u00e7alves reuniu-se em seu gabinete com o vereador Sargento Sergio e representantes das for\u00e7as de seguran\u00e7a do munic\u00edpio, incluindo a Guarda Civil Municipal, a Pol\u00edcia Militar e a Pol\u00edcia Rodovi\u00e1ria Federal. O encontro teve como pauta a busca por solu\u00e7\u00f5es para problemas de mobilidade urbana e o enfrentamento ao vandalismo sonoro causado por motocicletas com escapamento irregular e bicicletas motorizadas.<\/p>\n\n\n\n<p>Uma das medidas discutidas foi a intensifica\u00e7\u00e3o das fiscaliza\u00e7\u00f5es, com opera\u00e7\u00f5es conjuntas entre a Pol\u00edcia Militar e a GCM, n\u00e3o apenas em blitz e a\u00e7\u00f5es programadas, mas tamb\u00e9m durante patrulhamentos di\u00e1rios, garantindo uma abordagem mais eficaz contra os infratores.<\/p>\n\n\n\n<p>Outra iniciativa proposta foi uma campanha de conscientiza\u00e7\u00e3o voltada a empres\u00e1rios, para desestimular o uso de motocicletas irregulares no servi\u00e7o de entregas e transporte de passageiros, contribuindo para a redu\u00e7\u00e3o gradativa do problema.<\/p>\n\n\n\n<p>Al\u00e9m disso, o vereador Sargento Sergio comprometeu-se a buscar emendas parlamentares, em parceria com o vereador Borj\u00e3o, para modernizar o sistema de tr\u00e2nsito municipal, incluindo a substitui\u00e7\u00e3o de placas de sinaliza\u00e7\u00e3o e sem\u00e1foros.<\/p>\n\n\n\n<p>A secret\u00e1ria de Desenvolvimento Urbano, Anna Carolina Ribeiro, destacou a import\u00e2ncia do encontro: \u201cEsta reuni\u00e3o foi essencial para identificar demandas e estruturar a\u00e7\u00f5es que tornem o tr\u00e2nsito mais seguro e organizado. A Secretaria est\u00e1 sempre \u00e0 disposi\u00e7\u00e3o para ouvir a popula\u00e7\u00e3o e desenvolver solu\u00e7\u00f5es t\u00e9cnicas para o munic\u00edpio.\u201d<\/p>\n<input type=\"hidden\" id=\"baseurl\" value=\"https:\/\/noticiasregionais.com.br\"><input type=\"hidden\" id=\"audio_nonce\" value=\"533fbb67b1\">","protected":false},"excerpt":{"rendered":"<p>Na manh\u00e3 de segunda-feira (31), o prefeito Guilherme Gon\u00e7alves reuniu-se em seu gabinete com o vereador Sargento Sergio e representantes&hellip;<\/p>\n","protected":false},"author":1,"featured_media":4858,"comment_status":"closed","ping_status":"open","sticky":false,"template":"","format":"standard","meta":{"sfsi_plus_gutenberg_text_before_share":"","sfsi_plus_gutenberg_show_text_before_share":"","sfsi_plus_gutenberg_icon_type":"","sfsi_plus_gutenberg_icon_alignemt":"","sfsi_plus_gutenburg_max_per_row":"","footnotes":""},"categories":[5,10,1],"tags":[16],"class_list":["post-4857","post","type-post","status-publish","format-standard","has-post-thumbnail","hentry","category-ourinhos","category-destaques","category-noticias","tag-ourinhos"],"_links":{"self":[{"href":"https:\/\/noticiasregionais.com.br\/index.php?rest_route=\/wp\/v2\/posts\/4857","targetHints":{"allow":["GET"]}}],"collection":[{"href":"https:\/\/noticiasregionais.com.br\/index.php?rest_route=\/wp\/v2\/posts"}],"about":[{"href":"https:\/\/noticiasregionais.com.br\/index.php?rest_route=\/wp\/v2\/types\/post"}],"author":[{"embeddable":true,"href":"https:\/\/noticiasregionais.com.br\/index.php?rest_route=\/wp\/v2\/users\/1"}],"replies":[{"embeddable":true,"href":"https:\/\/noticiasregionais.com.br\/index.php?rest_route=%2Fwp%2Fv2%2Fcomments&post=4857"}],"version-history":[{"count":1,"href":"https:\/\/noticiasregionais.com.br\/index.php?rest_route=\/wp\/v2\/posts\/4857\/revisions"}],"predecessor-version":[{"id":4859,"href":"https:\/\/noticiasregionais.com.br\/index.php?rest_route=\/wp\/v2\/posts\/4857\/revisions\/4859"}],"wp:featuredmedia":[{"embeddable":true,"href":"https:\/\/noticiasregionais.com.br\/index.php?rest_route=\/wp\/v2\/media\/4858"}],"wp:attachment":[{"href":"https:\/\/noticiasregionais.com.br\/index.php?rest_route=%2Fwp%2Fv2%2Fmedia&parent=4857"}],"wp:term":[{"taxonomy":"category","embeddable":true,"href":"https:\/\/noticiasregionais.com.br\/index.php?rest_route=%2Fwp%2Fv2%2Fcategories&post=4857"},{"taxonomy":"post_tag","embeddable":true,"href":"https:\/\/noticiasregionais.com.br\/index.php?rest_route=%2Fwp%2Fv2%2Ftags&post=4857"}],"curies":[{"name":"wp","href":"https:\/\/api.w.org\/{rel}","templated":true}]}}