{"id":486,"date":"2023-09-19T19:58:04","date_gmt":"2023-09-19T22:58:04","guid":{"rendered":"https:\/\/noticiasregionais.com.br\/?p=486"},"modified":"2023-09-20T08:54:34","modified_gmt":"2023-09-20T11:54:34","slug":"protesto-de-moradores-de-4-bairros-pede-embargo-de-obra-em-ourinhos","status":"publish","type":"post","link":"https:\/\/noticiasregionais.com.br\/?p=486","title":{"rendered":"Protesto de moradores de 5 bairros pede embargo de obra em Ourinhos"},"content":{"rendered":"\n<p>por Daniele Gon\u00e7alves<br><\/p>\n\n\n\n<p>Moradores dos bairros S\u00e3o Silvestre, Furlan, Nazareth, Estoril e Vilar Ville se reuniram nesta segunda-feira, dia 18, para protestar contra uma obra da prefeitura de Ourinhos, localizada na avenida Get\u00falio Vargas. A manifesta\u00e7\u00e3o visa paralisar a realiza\u00e7\u00e3o das obras que servir\u00e3o de abrigo aos projetos \u201c Casa da Mulher\u201d e CAPS &#8211; Centro de Aten\u00e7\u00e3o Psicossocial.<br>Com placas como \u201cApoiamos a Casa da Mulher , mas na \u00e1rea verde n\u00e3o \u201c e \u201c Temos que preservar, n\u00e3o deixem destruir nossa \u00e1rea verde\u201d, os manifestantes protestaram contra o que afirmam ser uma total desvaloriza\u00e7\u00e3o do bairro e um desrespeito ambiental. Um abaixo-assinado organizado pelo movimento j\u00e1 est\u00e1 sendo feito com o objetivo de reunir muitas assinaturas.<br>De acordo com moradores, a \u00e1rea \u00e9 residencial e o local da obra \u00e9 destinada \u00e0 uma futura \u00e1rea de lazer, como est\u00e1 no plano diretor do munic\u00edpio.<br>Eva Cristina Magrinelli Faustino, que mora no bairro h\u00e1 25 anos, est\u00e1 indignada com a constru\u00e7\u00e3o. \u201c Por ser uma \u00e1rea verde nossa, de nosso bairro, n\u00e3o abrimos m\u00e3o de nossa \u00e1rea verde\u2026\u201d, disse ela.<br>De acordo com a moradora Priscila Rossini, no site da prefeitura \u00e9 poss\u00edvel ver a \u00e1rea demarcada em verde. \u201c Aqui temos o quadro mostrando que ali onde est\u00e3o, infelizmente, iniciando a constru\u00e7\u00e3o da &#8220;casa&#8221; , \u00e9 \u00e1rea verde\u201d, afirmou.<br>Ainda de acordo com os moradores, reuni\u00f5es j\u00e1 foram feitas anteriormente com pol\u00edticos do munic\u00edpio, para pleitear uma \u00e1rea de lazer no local.<br>Al\u00e9m dessa reivindica\u00e7\u00e3o, o grupo tem outra preocupa\u00e7\u00e3o em rela\u00e7\u00e3o \u00e0 constru\u00e7\u00e3o desses servi\u00e7os sociais.<br>\u201c O nosso bairro \u00e9 maravilhoso, nossa \u00e1rea verde idem. O tal Centro de Reabilita\u00e7\u00e3o iria acabar com a tranquilidade das fam\u00edlias e consequentemente uma desvaloriza\u00e7\u00e3o de nosso amado bairro\u201d, falou Gabriel Garcia.<br>\u201c N\u00f3s queremos esse espa\u00e7o para as nossas crian\u00e7as e n\u00e3o para obra social. N\u00f3s entendemos que obra social \u00e9 importante, apoiamos essa iniciativa, mas n\u00e3o aqui,\u201d completou Priscila.<br>A Prefeitura de Ourinhos j\u00e1 iniciou as obras de constru\u00e7\u00e3o e implanta\u00e7\u00e3o da Casa da Mulher no bairro S\u00e3o Silvestre, na avenida Get\u00falio Vargas. O espa\u00e7o seria voltado para o desenvolvimento de pol\u00edticas p\u00fablicas destinadas \u00e0s mulheres v\u00edtimas de discrimina\u00e7\u00e3o e viol\u00eancia.<br>Os moradores fazem quest\u00e3o de dizer que apoiam a iniciativa mas n\u00e3o concordam que seja feita em \u00e1rea residencial. \u201c O que mais tem em Ourinhos, s\u00e3o terrenos em \u00e1reas afastadas que poderiam muito bem ser o local apropriado do tal centro,\u201d concluiu Gabriel.<br>O protesto seguiu at\u00e9 a C\u00e2mara dos Vereadores em busca de apoio e maior visibilidade.<br>At\u00e9 o momento desta publica\u00e7\u00e3o a prefeitura n\u00e3o se manifestou sobre o assunto.<\/p>\n\n\n<div class=\"wp-block-image\">\n<figure class=\"aligncenter size-large\"><img decoding=\"async\" width=\"1024\" height=\"576\" src=\"https:\/\/noticiasregionais.com.br\/wp-content\/uploads\/2023\/09\/WhatsApp-Image-2023-09-19-at-14.59.11-1024x576.jpeg\" alt=\"\" class=\"wp-image-487\" srcset=\"https:\/\/noticiasregionais.com.br\/wp-content\/uploads\/2023\/09\/WhatsApp-Image-2023-09-19-at-14.59.11-1024x576.jpeg 1024w, https:\/\/noticiasregionais.com.br\/wp-content\/uploads\/2023\/09\/WhatsApp-Image-2023-09-19-at-14.59.11-300x169.jpeg 300w, https:\/\/noticiasregionais.com.br\/wp-content\/uploads\/2023\/09\/WhatsApp-Image-2023-09-19-at-14.59.11-768x432.jpeg 768w, https:\/\/noticiasregionais.com.br\/wp-content\/uploads\/2023\/09\/WhatsApp-Image-2023-09-19-at-14.59.11-1536x864.jpeg 1536w, https:\/\/noticiasregionais.com.br\/wp-content\/uploads\/2023\/09\/WhatsApp-Image-2023-09-19-at-14.59.11.jpeg 1600w\" sizes=\"(max-width: 1024px) 100vw, 1024px\" \/><\/figure>\n<\/div><input type=\"hidden\" id=\"baseurl\" value=\"https:\/\/noticiasregionais.com.br\"><input type=\"hidden\" id=\"audio_nonce\" value=\"533fbb67b1\">","protected":false},"excerpt":{"rendered":"<p>por Daniele Gon\u00e7alves Moradores dos bairros S\u00e3o Silvestre, Furlan, Nazareth, Estoril e Vilar Ville se reuniram nesta segunda-feira, dia 18,&hellip;<\/p>\n","protected":false},"author":1,"featured_media":488,"comment_status":"closed","ping_status":"open","sticky":false,"template":"","format":"standard","meta":{"sfsi_plus_gutenberg_text_before_share":"","sfsi_plus_gutenberg_show_text_before_share":"","sfsi_plus_gutenberg_icon_type":"","sfsi_plus_gutenberg_icon_alignemt":"","sfsi_plus_gutenburg_max_per_row":"","footnotes":""},"categories":[5,12,1],"tags":[],"class_list":["post-486","post","type-post","status-publish","format-standard","has-post-thumbnail","hentry","category-ourinhos","category-capa","category-noticias"],"_links":{"self":[{"href":"https:\/\/noticiasregionais.com.br\/index.php?rest_route=\/wp\/v2\/posts\/486","targetHints":{"allow":["GET"]}}],"collection":[{"href":"https:\/\/noticiasregionais.com.br\/index.php?rest_route=\/wp\/v2\/posts"}],"about":[{"href":"https:\/\/noticiasregionais.com.br\/index.php?rest_route=\/wp\/v2\/types\/post"}],"author":[{"embeddable":true,"href":"https:\/\/noticiasregionais.com.br\/index.php?rest_route=\/wp\/v2\/users\/1"}],"replies":[{"embeddable":true,"href":"https:\/\/noticiasregionais.com.br\/index.php?rest_route=%2Fwp%2Fv2%2Fcomments&post=486"}],"version-history":[{"count":3,"href":"https:\/\/noticiasregionais.com.br\/index.php?rest_route=\/wp\/v2\/posts\/486\/revisions"}],"predecessor-version":[{"id":497,"href":"https:\/\/noticiasregionais.com.br\/index.php?rest_route=\/wp\/v2\/posts\/486\/revisions\/497"}],"wp:featuredmedia":[{"embeddable":true,"href":"https:\/\/noticiasregionais.com.br\/index.php?rest_route=\/wp\/v2\/media\/488"}],"wp:attachment":[{"href":"https:\/\/noticiasregionais.com.br\/index.php?rest_route=%2Fwp%2Fv2%2Fmedia&parent=486"}],"wp:term":[{"taxonomy":"category","embeddable":true,"href":"https:\/\/noticiasregionais.com.br\/index.php?rest_route=%2Fwp%2Fv2%2Fcategories&post=486"},{"taxonomy":"post_tag","embeddable":true,"href":"https:\/\/noticiasregionais.com.br\/index.php?rest_route=%2Fwp%2Fv2%2Ftags&post=486"}],"curies":[{"name":"wp","href":"https:\/\/api.w.org\/{rel}","templated":true}]}}