{"id":4860,"date":"2025-04-01T22:31:18","date_gmt":"2025-04-02T01:31:18","guid":{"rendered":"https:\/\/noticiasregionais.com.br\/?p=4860"},"modified":"2025-04-01T22:32:35","modified_gmt":"2025-04-02T01:32:35","slug":"policia-militar-reforca-operacoes-de-seguranca-em-89-municipios-do-parana","status":"publish","type":"post","link":"https:\/\/noticiasregionais.com.br\/?p=4860","title":{"rendered":"Pol\u00edcia Militar refor\u00e7a opera\u00e7\u00f5es de seguran\u00e7a em 89 munic\u00edpios do Paran\u00e1"},"content":{"rendered":"\n<p>Na \u00faltima semana, o 2\u00ba Comando Regional de Pol\u00edcia Militar (2\u00ba CRPM) intensificou as a\u00e7\u00f5es de seguran\u00e7a em 89 munic\u00edpios das regi\u00f5es de Londrina, Apucarana, Arapongas, Camb\u00e9, Corn\u00e9lio Proc\u00f3pio, Ivaipor\u00e3, Jacarezinho e Rol\u00e2ndia. As opera\u00e7\u00f5es <strong>Bloqueio Noturno<\/strong> e <strong>Batida Policial<\/strong> foram realizadas com o objetivo de aumentar a seguran\u00e7a e coibir atividades il\u00edcitas.<\/p>\n\n\n\n<p>Durante as a\u00e7\u00f5es, foram feitas abordagens estrat\u00e9gicas, bloqueios t\u00e1ticos e fiscaliza\u00e7\u00f5es em vias urbanas e estabelecimentos comerciais. Como resultado, a opera\u00e7\u00e3o contabilizou:<\/p>\n\n\n\n<p>\u2705 <strong>16 pris\u00f5es e 3 menores apreendidos<\/strong><br>\u2705 <strong>3.580 pessoas abordadas e 1.521 ve\u00edculos fiscalizados<\/strong><br>\u2705 <strong>33 ve\u00edculos recolhidos e 2 recuperados<\/strong><br>\u2705 <strong>Apreens\u00e3o de 42g de coca\u00edna, 35g de crack e 777g de maconha<\/strong><\/p>\n\n\n\n<p>O 2\u00ba CRPM reafirma seu compromisso com a seguran\u00e7a p\u00fablica e seguir\u00e1 intensificando o policiamento para garantir tranquilidade \u00e0 popula\u00e7\u00e3o.<\/p>\n\n\n\n<figure class=\"wp-block-gallery has-nested-images columns-default is-cropped wp-block-gallery-1 is-layout-flex wp-block-gallery-is-layout-flex\">\n<figure class=\"wp-block-image size-large\"><img decoding=\"async\" width=\"1024\" height=\"768\" data-id=\"4862\" src=\"https:\/\/noticiasregionais.com.br\/wp-content\/uploads\/2025\/04\/WhatsApp-Image-2025-03-31-at-14.56.14-1024x768.jpeg\" alt=\"\" class=\"wp-image-4862\" srcset=\"https:\/\/noticiasregionais.com.br\/wp-content\/uploads\/2025\/04\/WhatsApp-Image-2025-03-31-at-14.56.14-1024x768.jpeg 1024w, https:\/\/noticiasregionais.com.br\/wp-content\/uploads\/2025\/04\/WhatsApp-Image-2025-03-31-at-14.56.14-300x225.jpeg 300w, https:\/\/noticiasregionais.com.br\/wp-content\/uploads\/2025\/04\/WhatsApp-Image-2025-03-31-at-14.56.14-768x576.jpeg 768w, https:\/\/noticiasregionais.com.br\/wp-content\/uploads\/2025\/04\/WhatsApp-Image-2025-03-31-at-14.56.14-1536x1152.jpeg 1536w, https:\/\/noticiasregionais.com.br\/wp-content\/uploads\/2025\/04\/WhatsApp-Image-2025-03-31-at-14.56.14.jpeg 1600w\" sizes=\"(max-width: 1024px) 100vw, 1024px\" \/><\/figure>\n\n\n\n<figure class=\"wp-block-image size-large\"><img decoding=\"async\" width=\"1024\" height=\"850\" data-id=\"4861\" src=\"https:\/\/noticiasregionais.com.br\/wp-content\/uploads\/2025\/04\/WhatsApp-Image-2025-03-31-at-14.45.25-1024x850.jpeg\" alt=\"\" class=\"wp-image-4861\" srcset=\"https:\/\/noticiasregionais.com.br\/wp-content\/uploads\/2025\/04\/WhatsApp-Image-2025-03-31-at-14.45.25-1024x850.jpeg 1024w, https:\/\/noticiasregionais.com.br\/wp-content\/uploads\/2025\/04\/WhatsApp-Image-2025-03-31-at-14.45.25-300x249.jpeg 300w, https:\/\/noticiasregionais.com.br\/wp-content\/uploads\/2025\/04\/WhatsApp-Image-2025-03-31-at-14.45.25-768x638.jpeg 768w, https:\/\/noticiasregionais.com.br\/wp-content\/uploads\/2025\/04\/WhatsApp-Image-2025-03-31-at-14.45.25.jpeg 1055w\" sizes=\"(max-width: 1024px) 100vw, 1024px\" \/><\/figure>\n<\/figure>\n<input type=\"hidden\" id=\"baseurl\" value=\"https:\/\/noticiasregionais.com.br\"><input type=\"hidden\" id=\"audio_nonce\" value=\"533fbb67b1\">","protected":false},"excerpt":{"rendered":"<p>Na \u00faltima semana, o 2\u00ba Comando Regional de Pol\u00edcia Militar (2\u00ba CRPM) intensificou as a\u00e7\u00f5es de seguran\u00e7a em 89 munic\u00edpios&hellip;<\/p>\n","protected":false},"author":1,"featured_media":4863,"comment_status":"closed","ping_status":"open","sticky":false,"template":"","format":"standard","meta":{"sfsi_plus_gutenberg_text_before_share":"","sfsi_plus_gutenberg_show_text_before_share":"","sfsi_plus_gutenberg_icon_type":"","sfsi_plus_gutenberg_icon_alignemt":"","sfsi_plus_gutenburg_max_per_row":"","footnotes":""},"categories":[7,10,1],"tags":[14,18,35],"class_list":["post-4860","post","type-post","status-publish","format-standard","has-post-thumbnail","hentry","category-parana","category-destaques","category-noticias","tag-cambara","tag-jacarezinho","tag-santo_antonio_da_platina"],"_links":{"self":[{"href":"https:\/\/noticiasregionais.com.br\/index.php?rest_route=\/wp\/v2\/posts\/4860","targetHints":{"allow":["GET"]}}],"collection":[{"href":"https:\/\/noticiasregionais.com.br\/index.php?rest_route=\/wp\/v2\/posts"}],"about":[{"href":"https:\/\/noticiasregionais.com.br\/index.php?rest_route=\/wp\/v2\/types\/post"}],"author":[{"embeddable":true,"href":"https:\/\/noticiasregionais.com.br\/index.php?rest_route=\/wp\/v2\/users\/1"}],"replies":[{"embeddable":true,"href":"https:\/\/noticiasregionais.com.br\/index.php?rest_route=%2Fwp%2Fv2%2Fcomments&post=4860"}],"version-history":[{"count":1,"href":"https:\/\/noticiasregionais.com.br\/index.php?rest_route=\/wp\/v2\/posts\/4860\/revisions"}],"predecessor-version":[{"id":4864,"href":"https:\/\/noticiasregionais.com.br\/index.php?rest_route=\/wp\/v2\/posts\/4860\/revisions\/4864"}],"wp:featuredmedia":[{"embeddable":true,"href":"https:\/\/noticiasregionais.com.br\/index.php?rest_route=\/wp\/v2\/media\/4863"}],"wp:attachment":[{"href":"https:\/\/noticiasregionais.com.br\/index.php?rest_route=%2Fwp%2Fv2%2Fmedia&parent=4860"}],"wp:term":[{"taxonomy":"category","embeddable":true,"href":"https:\/\/noticiasregionais.com.br\/index.php?rest_route=%2Fwp%2Fv2%2Fcategories&post=4860"},{"taxonomy":"post_tag","embeddable":true,"href":"https:\/\/noticiasregionais.com.br\/index.php?rest_route=%2Fwp%2Fv2%2Ftags&post=4860"}],"curies":[{"name":"wp","href":"https:\/\/api.w.org\/{rel}","templated":true}]}}