{"id":4865,"date":"2025-04-03T08:25:19","date_gmt":"2025-04-03T11:25:19","guid":{"rendered":"https:\/\/noticiasregionais.com.br\/?p=4865"},"modified":"2025-04-03T08:25:22","modified_gmt":"2025-04-03T11:25:22","slug":"colisao-entre-moto-e-bicicleta-deixa-um-morto-e-um-ferido-em-estado-grave-na-br-369-em-arapongas","status":"publish","type":"post","link":"https:\/\/noticiasregionais.com.br\/?p=4865","title":{"rendered":"Colis\u00e3o entre moto e bicicleta deixa um morto e um ferido em estado grave na BR-369, em Arapongas"},"content":{"rendered":"\n<p>Na madrugada desta quinta-feira (03), um grave acidente foi registrado no km 184 da BR-369, em Arapongas, Paran\u00e1. A colis\u00e3o traseira envolveu uma motocicleta Yamaha Fazer e uma bicicleta, resultando em uma v\u00edtima fatal e um ferido grave.<\/p>\n\n\n\n<p>De acordo com informa\u00e7\u00f5es da Pol\u00edcia Rodovi\u00e1ria Federal (PRF), o sinistro ocorreu por volta das 2h20. O ciclista, um homem de 53 anos, n\u00e3o resistiu aos ferimentos e morreu no local. J\u00e1 o motociclista, um jovem de 22 anos, sofreu les\u00f5es graves e foi socorrido por equipes do Corpo de Bombeiros e do SAMU, sendo encaminhado para um hospital da regi\u00e3o para atendimento especializado.<\/p>\n\n\n\n<p>A PRF informou que realizar\u00e1 a per\u00edcia para determinar as circunst\u00e2ncias do acidente. O trecho da rodovia precisou ser parcialmente interditado para o atendimento da ocorr\u00eancia e remo\u00e7\u00e3o dos ve\u00edculos envolvidos.<\/p>\n\n\n\n<p>As autoridades alertam sobre a import\u00e2ncia da aten\u00e7\u00e3o redobrada no tr\u00e2nsito, principalmente durante a madrugada, quando a visibilidade \u00e9 reduzida.<\/p>\n<input type=\"hidden\" id=\"baseurl\" value=\"https:\/\/noticiasregionais.com.br\"><input type=\"hidden\" id=\"audio_nonce\" value=\"533fbb67b1\">","protected":false},"excerpt":{"rendered":"<p>Na madrugada desta quinta-feira (03), um grave acidente foi registrado no km 184 da BR-369, em Arapongas, Paran\u00e1. A colis\u00e3o&hellip;<\/p>\n","protected":false},"author":1,"featured_media":4866,"comment_status":"closed","ping_status":"open","sticky":false,"template":"","format":"standard","meta":{"sfsi_plus_gutenberg_text_before_share":"","sfsi_plus_gutenberg_show_text_before_share":"","sfsi_plus_gutenberg_icon_type":"","sfsi_plus_gutenberg_icon_alignemt":"","sfsi_plus_gutenburg_max_per_row":"","footnotes":""},"categories":[7,10,1],"tags":[37],"class_list":["post-4865","post","type-post","status-publish","format-standard","has-post-thumbnail","hentry","category-parana","category-destaques","category-noticias","tag-arapongas"],"_links":{"self":[{"href":"https:\/\/noticiasregionais.com.br\/index.php?rest_route=\/wp\/v2\/posts\/4865","targetHints":{"allow":["GET"]}}],"collection":[{"href":"https:\/\/noticiasregionais.com.br\/index.php?rest_route=\/wp\/v2\/posts"}],"about":[{"href":"https:\/\/noticiasregionais.com.br\/index.php?rest_route=\/wp\/v2\/types\/post"}],"author":[{"embeddable":true,"href":"https:\/\/noticiasregionais.com.br\/index.php?rest_route=\/wp\/v2\/users\/1"}],"replies":[{"embeddable":true,"href":"https:\/\/noticiasregionais.com.br\/index.php?rest_route=%2Fwp%2Fv2%2Fcomments&post=4865"}],"version-history":[{"count":1,"href":"https:\/\/noticiasregionais.com.br\/index.php?rest_route=\/wp\/v2\/posts\/4865\/revisions"}],"predecessor-version":[{"id":4867,"href":"https:\/\/noticiasregionais.com.br\/index.php?rest_route=\/wp\/v2\/posts\/4865\/revisions\/4867"}],"wp:featuredmedia":[{"embeddable":true,"href":"https:\/\/noticiasregionais.com.br\/index.php?rest_route=\/wp\/v2\/media\/4866"}],"wp:attachment":[{"href":"https:\/\/noticiasregionais.com.br\/index.php?rest_route=%2Fwp%2Fv2%2Fmedia&parent=4865"}],"wp:term":[{"taxonomy":"category","embeddable":true,"href":"https:\/\/noticiasregionais.com.br\/index.php?rest_route=%2Fwp%2Fv2%2Fcategories&post=4865"},{"taxonomy":"post_tag","embeddable":true,"href":"https:\/\/noticiasregionais.com.br\/index.php?rest_route=%2Fwp%2Fv2%2Ftags&post=4865"}],"curies":[{"name":"wp","href":"https:\/\/api.w.org\/{rel}","templated":true}]}}