{"id":4868,"date":"2025-04-03T08:41:43","date_gmt":"2025-04-03T11:41:43","guid":{"rendered":"https:\/\/noticiasregionais.com.br\/?p=4868"},"modified":"2025-04-03T08:43:02","modified_gmt":"2025-04-03T11:43:02","slug":"vereador-cicero-investigador-propoe-substituicao-de-eucaliptos-da-fapi-e-cobra-manutencao-das-lagoas-de-decantacao","status":"publish","type":"post","link":"https:\/\/noticiasregionais.com.br\/?p=4868","title":{"rendered":"C\u00edcero Investigador prop\u00f5e substitui\u00e7\u00e3o de eucaliptos da FAPI e cobra a\u00e7\u00e3o nas lagoas de decanta\u00e7\u00e3o"},"content":{"rendered":"\n<p>Durante a <strong>9\u00aa Sess\u00e3o Ordin\u00e1ria da C\u00e2mara Municipal de Ourinhos<\/strong>, realizada na \u00faltima segunda-feira (31), o presidente da Casa, vereador <strong>C\u00edcero Investigador<\/strong>, apresentou o <strong>Requerimento n\u00ba 555\/2025<\/strong>, solicitando que a Secretaria Municipal de Meio Ambiente e Agricultura avalie a substitui\u00e7\u00e3o dos <strong>eucaliptos ao redor do lago do Parque Olavo Ferreira de S\u00e1 (FAPI)<\/strong> por \u00e1rvores de menor porte.<\/p>\n\n\n\n<p>O parlamentar justificou seu pedido destacando que <strong>h\u00e1 anos solicita provid\u00eancias<\/strong> e que os eucaliptos representam um risco devido \u00e0 sua altura e fragilidade diante de tempestades e ventanias. &#8220;J\u00e1 vimos v\u00e1rias dessas \u00e1rvores caindo e, por sorte, at\u00e9 agora nenhuma atingiu as casas do entorno. Mas \u00e9 quest\u00e3o de tempo&#8221;, alertou C\u00edcero, refor\u00e7ando a necessidade de a\u00e7\u00e3o preventiva.<\/p>\n\n\n\n<h3 class=\"wp-block-heading\"><strong>Lagoas de decanta\u00e7\u00e3o abandonadas<\/strong><\/h3>\n\n\n\n<p>Al\u00e9m da quest\u00e3o das \u00e1rvores, o vereador tamb\u00e9m cobrou a <strong>Ourinhos Saneamento<\/strong> sobre a situa\u00e7\u00e3o das <strong>lagoas de decanta\u00e7\u00e3o dos rios Pardo e Paranapanema<\/strong>. Ele apresentou imagens mostrando o abandono das \u00e1reas e criticou a falta de investimentos.<\/p>\n\n\n\n<p>&#8220;A lagoa do rio Pardo est\u00e1 assoreada, sem manuten\u00e7\u00e3o h\u00e1 anos. J\u00e1 a do rio Paranapanema est\u00e1 completamente tomada por aguap\u00e9s&#8221;, afirmou. C\u00edcero ainda relembrou que a popula\u00e7\u00e3o foi contr\u00e1ria \u00e0 concess\u00e3o da SAE e cobrou a\u00e7\u00f5es concretas da empresa respons\u00e1vel pelo saneamento na cidade.<\/p>\n\n\n\n<p>Caso as melhorias n\u00e3o sejam realizadas, o vereador afirmou que buscar\u00e1 <strong>interven\u00e7\u00e3o do Minist\u00e9rio P\u00fablico e da CETESB<\/strong> para que a concess\u00e3o seja reavaliada.<\/p>\n\n\n<div class=\"wp-block-image\">\n<figure class=\"aligncenter size-full\"><img decoding=\"async\" width=\"526\" height=\"526\" src=\"https:\/\/noticiasregionais.com.br\/wp-content\/uploads\/2025\/04\/WhatsApp-Image-2025-04-02-at-14.57.44-1.jpeg\" alt=\"\" class=\"wp-image-4871\" srcset=\"https:\/\/noticiasregionais.com.br\/wp-content\/uploads\/2025\/04\/WhatsApp-Image-2025-04-02-at-14.57.44-1.jpeg 526w, https:\/\/noticiasregionais.com.br\/wp-content\/uploads\/2025\/04\/WhatsApp-Image-2025-04-02-at-14.57.44-1-300x300.jpeg 300w, https:\/\/noticiasregionais.com.br\/wp-content\/uploads\/2025\/04\/WhatsApp-Image-2025-04-02-at-14.57.44-1-150x150.jpeg 150w\" sizes=\"(max-width: 526px) 100vw, 526px\" \/><\/figure>\n<\/div><input type=\"hidden\" id=\"baseurl\" value=\"https:\/\/noticiasregionais.com.br\"><input type=\"hidden\" id=\"audio_nonce\" value=\"533fbb67b1\">","protected":false},"excerpt":{"rendered":"<p>Durante a 9\u00aa Sess\u00e3o Ordin\u00e1ria da C\u00e2mara Municipal de Ourinhos, realizada na \u00faltima segunda-feira (31), o presidente da Casa, vereador&hellip;<\/p>\n","protected":false},"author":1,"featured_media":4869,"comment_status":"closed","ping_status":"open","sticky":false,"template":"","format":"standard","meta":{"sfsi_plus_gutenberg_text_before_share":"","sfsi_plus_gutenberg_show_text_before_share":"","sfsi_plus_gutenberg_icon_type":"","sfsi_plus_gutenberg_icon_alignemt":"","sfsi_plus_gutenburg_max_per_row":"","footnotes":""},"categories":[5,10,1],"tags":[16],"class_list":["post-4868","post","type-post","status-publish","format-standard","has-post-thumbnail","hentry","category-ourinhos","category-destaques","category-noticias","tag-ourinhos"],"_links":{"self":[{"href":"https:\/\/noticiasregionais.com.br\/index.php?rest_route=\/wp\/v2\/posts\/4868","targetHints":{"allow":["GET"]}}],"collection":[{"href":"https:\/\/noticiasregionais.com.br\/index.php?rest_route=\/wp\/v2\/posts"}],"about":[{"href":"https:\/\/noticiasregionais.com.br\/index.php?rest_route=\/wp\/v2\/types\/post"}],"author":[{"embeddable":true,"href":"https:\/\/noticiasregionais.com.br\/index.php?rest_route=\/wp\/v2\/users\/1"}],"replies":[{"embeddable":true,"href":"https:\/\/noticiasregionais.com.br\/index.php?rest_route=%2Fwp%2Fv2%2Fcomments&post=4868"}],"version-history":[{"count":2,"href":"https:\/\/noticiasregionais.com.br\/index.php?rest_route=\/wp\/v2\/posts\/4868\/revisions"}],"predecessor-version":[{"id":4873,"href":"https:\/\/noticiasregionais.com.br\/index.php?rest_route=\/wp\/v2\/posts\/4868\/revisions\/4873"}],"wp:featuredmedia":[{"embeddable":true,"href":"https:\/\/noticiasregionais.com.br\/index.php?rest_route=\/wp\/v2\/media\/4869"}],"wp:attachment":[{"href":"https:\/\/noticiasregionais.com.br\/index.php?rest_route=%2Fwp%2Fv2%2Fmedia&parent=4868"}],"wp:term":[{"taxonomy":"category","embeddable":true,"href":"https:\/\/noticiasregionais.com.br\/index.php?rest_route=%2Fwp%2Fv2%2Fcategories&post=4868"},{"taxonomy":"post_tag","embeddable":true,"href":"https:\/\/noticiasregionais.com.br\/index.php?rest_route=%2Fwp%2Fv2%2Ftags&post=4868"}],"curies":[{"name":"wp","href":"https:\/\/api.w.org\/{rel}","templated":true}]}}