{"id":4874,"date":"2025-04-03T09:01:39","date_gmt":"2025-04-03T12:01:39","guid":{"rendered":"https:\/\/noticiasregionais.com.br\/?p=4874"},"modified":"2025-04-03T09:01:40","modified_gmt":"2025-04-03T12:01:40","slug":"policia-rodoviaria-prende-04-traficantes-bolivianos-em-operacoes-na-sp-333-e-sp-327","status":"publish","type":"post","link":"https:\/\/noticiasregionais.com.br\/?p=4874","title":{"rendered":"Pol\u00edcia Rodovi\u00e1ria prende 04 traficantes Bolivianos em opera\u00e7\u00f5es na SP-333 e SP-327"},"content":{"rendered":"\n<p>O <strong>Policiamento Rodovi\u00e1rio<\/strong> realizou duas importantes apreens\u00f5es de drogas durante a <strong>Opera\u00e7\u00e3o Impacto<\/strong>, nas rodovias do interior paulista. As a\u00e7\u00f5es ocorreram nos munic\u00edpios de <strong>Mar\u00edlia<\/strong> e <strong>Santa Cruz do Rio Pardo<\/strong>, resultando na pris\u00e3o de quatro traficantes bolivianos.<\/p>\n\n\n\n<h4 class=\"wp-block-heading\"><strong>Casal preso transportando c\u00e1psulas de coca\u00edna na SP-333<\/strong><\/h4>\n\n\n\n<p>Na manh\u00e3 de ter\u00e7a-feira (<strong>02\/04\/2025<\/strong>), por volta das <strong>08h15<\/strong>, policiais rodovi\u00e1rios abordaram um <strong>\u00f4nibus interestadual<\/strong> que fazia o trajeto <strong>Campo Grande (MS) \u2013 Belo Horizonte (MG)<\/strong>, na <strong>Rodovia Rachid Rayes (SP-333), em Mar\u00edlia<\/strong>.<\/p>\n\n\n\n<p>Durante a vistoria, os agentes notaram o nervosismo de um casal de passageiros. Questionados, eles <strong>confessaram ter ingerido c\u00e1psulas de coca\u00edna em Puerto Quijarro, na Bol\u00edvia, para entreg\u00e1-las em S\u00e3o Carlos (SP)<\/strong>. Ambos foram encaminhados ao <strong>Hospital de Cl\u00ednicas de Mar\u00edlia<\/strong>, onde exames comprovaram a presen\u00e7a da droga. O caso foi apresentado \u00e0 <strong>Pol\u00edcia Federal de Mar\u00edlia<\/strong>.<\/p>\n\n\n\n<figure class=\"wp-block-gallery has-nested-images columns-default is-cropped wp-block-gallery-1 is-layout-flex wp-block-gallery-is-layout-flex\">\n<figure class=\"wp-block-image size-large\"><img decoding=\"async\" width=\"898\" height=\"1024\" data-id=\"4876\" src=\"https:\/\/noticiasregionais.com.br\/wp-content\/uploads\/2025\/04\/WhatsApp-Image-2025-04-02-at-13.24.49-898x1024.jpeg\" alt=\"\" class=\"wp-image-4876\" srcset=\"https:\/\/noticiasregionais.com.br\/wp-content\/uploads\/2025\/04\/WhatsApp-Image-2025-04-02-at-13.24.49-898x1024.jpeg 898w, https:\/\/noticiasregionais.com.br\/wp-content\/uploads\/2025\/04\/WhatsApp-Image-2025-04-02-at-13.24.49-263x300.jpeg 263w, https:\/\/noticiasregionais.com.br\/wp-content\/uploads\/2025\/04\/WhatsApp-Image-2025-04-02-at-13.24.49-768x876.jpeg 768w, https:\/\/noticiasregionais.com.br\/wp-content\/uploads\/2025\/04\/WhatsApp-Image-2025-04-02-at-13.24.49.jpeg 959w\" sizes=\"(max-width: 898px) 100vw, 898px\" \/><\/figure>\n\n\n\n<figure class=\"wp-block-image size-large\"><img decoding=\"async\" width=\"1024\" height=\"978\" data-id=\"4875\" src=\"https:\/\/noticiasregionais.com.br\/wp-content\/uploads\/2025\/04\/WhatsApp-Image-2025-04-02-at-13.24.19-1024x978.jpeg\" alt=\"\" class=\"wp-image-4875\" srcset=\"https:\/\/noticiasregionais.com.br\/wp-content\/uploads\/2025\/04\/WhatsApp-Image-2025-04-02-at-13.24.19-1024x978.jpeg 1024w, https:\/\/noticiasregionais.com.br\/wp-content\/uploads\/2025\/04\/WhatsApp-Image-2025-04-02-at-13.24.19-300x287.jpeg 300w, https:\/\/noticiasregionais.com.br\/wp-content\/uploads\/2025\/04\/WhatsApp-Image-2025-04-02-at-13.24.19-768x733.jpeg 768w, https:\/\/noticiasregionais.com.br\/wp-content\/uploads\/2025\/04\/WhatsApp-Image-2025-04-02-at-13.24.19.jpeg 1200w\" sizes=\"(max-width: 1024px) 100vw, 1024px\" \/><\/figure>\n<\/figure>\n\n\n\n<h4 class=\"wp-block-heading\"><strong>Traficantes flagrados com coca\u00edna em \u00f4nibus na SP-327<\/strong><\/h4>\n\n\n\n<p>No s\u00e1bado (<strong>29\/03\/2025<\/strong>), \u00e0s <strong>22h15<\/strong>, outra a\u00e7\u00e3o da <strong>Opera\u00e7\u00e3o Impacto<\/strong> resultou na apreens\u00e3o de <strong>5,353 kg de coca\u00edna<\/strong> na <strong>Rodovia Orlando Quagliato (SP-327), em Santa Cruz do Rio Pardo<\/strong>.<\/p>\n\n\n\n<p>Os policiais abordaram um <strong>\u00f4nibus interestadual<\/strong> e, durante a fiscaliza\u00e7\u00e3o, encontraram <strong>cinco tabletes da droga escondidos em um fundo falso<\/strong> das poltronas <strong>41 e 42<\/strong>, pertencentes a <strong>dois passageiros bolivianos<\/strong>.<\/p>\n\n\n\n<p>Os suspeitos foram presos em flagrante e encaminhados \u00e0 <strong>Central de Pol\u00edcia Judici\u00e1ria (CPJ) de Ourinhos<\/strong>, onde a droga foi apreendida.<\/p>\n\n\n\n<figure class=\"wp-block-gallery has-nested-images columns-default is-cropped wp-block-gallery-2 is-layout-flex wp-block-gallery-is-layout-flex\">\n<figure class=\"wp-block-image size-large\"><img decoding=\"async\" width=\"768\" height=\"1024\" data-id=\"4878\" src=\"https:\/\/noticiasregionais.com.br\/wp-content\/uploads\/2025\/04\/WhatsApp-Image-2025-03-30-at-07.37.32-768x1024.jpeg\" alt=\"\" class=\"wp-image-4878\" srcset=\"https:\/\/noticiasregionais.com.br\/wp-content\/uploads\/2025\/04\/WhatsApp-Image-2025-03-30-at-07.37.32-768x1024.jpeg 768w, https:\/\/noticiasregionais.com.br\/wp-content\/uploads\/2025\/04\/WhatsApp-Image-2025-03-30-at-07.37.32-225x300.jpeg 225w, https:\/\/noticiasregionais.com.br\/wp-content\/uploads\/2025\/04\/WhatsApp-Image-2025-03-30-at-07.37.32-1152x1536.jpeg 1152w, https:\/\/noticiasregionais.com.br\/wp-content\/uploads\/2025\/04\/WhatsApp-Image-2025-03-30-at-07.37.32.jpeg 1200w\" sizes=\"(max-width: 768px) 100vw, 768px\" \/><\/figure>\n\n\n\n<figure class=\"wp-block-image size-large\"><img decoding=\"async\" width=\"768\" height=\"1024\" data-id=\"4877\" src=\"https:\/\/noticiasregionais.com.br\/wp-content\/uploads\/2025\/04\/WhatsApp-Image-2025-03-30-at-07.37.33-768x1024.jpeg\" alt=\"\" class=\"wp-image-4877\" srcset=\"https:\/\/noticiasregionais.com.br\/wp-content\/uploads\/2025\/04\/WhatsApp-Image-2025-03-30-at-07.37.33-768x1024.jpeg 768w, https:\/\/noticiasregionais.com.br\/wp-content\/uploads\/2025\/04\/WhatsApp-Image-2025-03-30-at-07.37.33-225x300.jpeg 225w, https:\/\/noticiasregionais.com.br\/wp-content\/uploads\/2025\/04\/WhatsApp-Image-2025-03-30-at-07.37.33-1152x1536.jpeg 1152w, https:\/\/noticiasregionais.com.br\/wp-content\/uploads\/2025\/04\/WhatsApp-Image-2025-03-30-at-07.37.33.jpeg 1200w\" sizes=\"(max-width: 768px) 100vw, 768px\" \/><\/figure>\n<\/figure>\n\n\n\n<h3 class=\"wp-block-heading\"><strong>Repress\u00e3o ao tr\u00e1fico segue intensificada<\/strong><\/h3>\n\n\n\n<p>As apreens\u00f5es refor\u00e7am a import\u00e2ncia do policiamento ostensivo nas rodovias para <strong>combater o tr\u00e1fico de drogas<\/strong> e evitar que entorpecentes cheguem a grandes centros urbanos. A <strong>Pol\u00edcia Militar Rodovi\u00e1ria<\/strong> segue intensificando a fiscaliza\u00e7\u00e3o nas estradas paulistas.<\/p>\n<input type=\"hidden\" id=\"baseurl\" value=\"https:\/\/noticiasregionais.com.br\"><input type=\"hidden\" id=\"audio_nonce\" value=\"533fbb67b1\">","protected":false},"excerpt":{"rendered":"<p>O Policiamento Rodovi\u00e1rio realizou duas importantes apreens\u00f5es de drogas durante a Opera\u00e7\u00e3o Impacto, nas rodovias do interior paulista. As a\u00e7\u00f5es&hellip;<\/p>\n","protected":false},"author":1,"featured_media":4879,"comment_status":"closed","ping_status":"open","sticky":false,"template":"","format":"standard","meta":{"sfsi_plus_gutenberg_text_before_share":"","sfsi_plus_gutenberg_show_text_before_share":"","sfsi_plus_gutenberg_icon_type":"","sfsi_plus_gutenberg_icon_alignemt":"","sfsi_plus_gutenburg_max_per_row":"","footnotes":""},"categories":[5,12,1],"tags":[25,16],"class_list":["post-4874","post","type-post","status-publish","format-standard","has-post-thumbnail","hentry","category-ourinhos","category-capa","category-noticias","tag-marilia","tag-ourinhos"],"_links":{"self":[{"href":"https:\/\/noticiasregionais.com.br\/index.php?rest_route=\/wp\/v2\/posts\/4874","targetHints":{"allow":["GET"]}}],"collection":[{"href":"https:\/\/noticiasregionais.com.br\/index.php?rest_route=\/wp\/v2\/posts"}],"about":[{"href":"https:\/\/noticiasregionais.com.br\/index.php?rest_route=\/wp\/v2\/types\/post"}],"author":[{"embeddable":true,"href":"https:\/\/noticiasregionais.com.br\/index.php?rest_route=\/wp\/v2\/users\/1"}],"replies":[{"embeddable":true,"href":"https:\/\/noticiasregionais.com.br\/index.php?rest_route=%2Fwp%2Fv2%2Fcomments&post=4874"}],"version-history":[{"count":1,"href":"https:\/\/noticiasregionais.com.br\/index.php?rest_route=\/wp\/v2\/posts\/4874\/revisions"}],"predecessor-version":[{"id":4880,"href":"https:\/\/noticiasregionais.com.br\/index.php?rest_route=\/wp\/v2\/posts\/4874\/revisions\/4880"}],"wp:featuredmedia":[{"embeddable":true,"href":"https:\/\/noticiasregionais.com.br\/index.php?rest_route=\/wp\/v2\/media\/4879"}],"wp:attachment":[{"href":"https:\/\/noticiasregionais.com.br\/index.php?rest_route=%2Fwp%2Fv2%2Fmedia&parent=4874"}],"wp:term":[{"taxonomy":"category","embeddable":true,"href":"https:\/\/noticiasregionais.com.br\/index.php?rest_route=%2Fwp%2Fv2%2Fcategories&post=4874"},{"taxonomy":"post_tag","embeddable":true,"href":"https:\/\/noticiasregionais.com.br\/index.php?rest_route=%2Fwp%2Fv2%2Ftags&post=4874"}],"curies":[{"name":"wp","href":"https:\/\/api.w.org\/{rel}","templated":true}]}}