{"id":4881,"date":"2025-04-03T09:14:23","date_gmt":"2025-04-03T12:14:23","guid":{"rendered":"https:\/\/noticiasregionais.com.br\/?p=4881"},"modified":"2025-04-03T09:20:02","modified_gmt":"2025-04-03T12:20:02","slug":"comite-do-rio-paranapanema-promove-eventos-sobre-gestao-hidrica-e-saneamento-em-piraju","status":"publish","type":"post","link":"https:\/\/noticiasregionais.com.br\/?p=4881","title":{"rendered":"Comit\u00ea do Rio Paranapanema promove eventos sobre gest\u00e3o h\u00eddrica e saneamento em Piraju"},"content":{"rendered":"\n<p>Nos dias <strong>25 e 26 de mar\u00e7o<\/strong>, a cidade de <strong>Piraju\/SP<\/strong>, \u00e0s margens do <strong>Rio Paranapanema<\/strong>, sediou dois importantes encontros promovidos pelo <strong>Comit\u00ea da Bacia Hidrogr\u00e1fica do Rio Paranapanema (CBH Paranapanema)<\/strong>. Os eventos tiveram como foco a capacita\u00e7\u00e3o de agentes ligados \u00e0 gest\u00e3o dos recursos h\u00eddricos e a mobiliza\u00e7\u00e3o de a\u00e7\u00f5es para a preserva\u00e7\u00e3o das \u00e1guas.<\/p>\n\n\n\n<h3 class=\"wp-block-heading\"><strong>Capacita\u00e7\u00e3o discute saneamento e metas para 2025<\/strong><\/h3>\n\n\n\n<p>O primeiro evento, realizado no dia <strong>25 de mar\u00e7o<\/strong>, abordou a <strong>Regula\u00e7\u00e3o e Gest\u00e3o do Saneamento B\u00e1sico<\/strong> e reuniu <strong>130 participantes<\/strong>, entre representantes do poder p\u00fablico municipal e profissionais do setor. A capacita\u00e7\u00e3o destacou o <strong>Novo Marco do Saneamento<\/strong>, que estabelece diretrizes e metas para o setor at\u00e9 <strong>2033<\/strong>, exigindo investimentos estimados entre <strong>R$ 550 e R$ 900 bilh\u00f5es<\/strong>. No entanto, especialistas alertaram que, no ritmo atual, a universaliza\u00e7\u00e3o do saneamento poderia ser atingida apenas em <strong>2055<\/strong>.<\/p>\n\n\n\n<h3 class=\"wp-block-heading\"><strong>Prefeitos s\u00e3o chamados a atuar na preserva\u00e7\u00e3o das \u00e1guas<\/strong><\/h3>\n\n\n\n<p>Ainda no dia <strong>25<\/strong>, aconteceu a <strong>9\u00aa edi\u00e7\u00e3o do Encontro de Prefeitos, Cons\u00f3rcios Intermunicipais e Associa\u00e7\u00f5es de Munic\u00edpios do Paranapanema<\/strong>. O evento reuniu <strong>cerca de 100 participantes<\/strong>, incluindo <strong>16 prefeitos e 21 representantes municipais<\/strong>.<\/p>\n\n\n\n<p>O encontro ressaltou o papel essencial dos gestores municipais na preserva\u00e7\u00e3o dos recursos h\u00eddricos, mesmo sem atribui\u00e7\u00f5es diretas sobre a gest\u00e3o da \u00e1gua. A prefeita de <strong>Presidente Venceslau\/SP<\/strong>, <strong>B\u00e1rbara Vilches<\/strong>, destacou que os <strong>Comit\u00eas de Bacias Hidrogr\u00e1ficas<\/strong> oferecem suporte t\u00e9cnico e oportunidades de parcerias para viabilizar projetos ambientais.<\/p>\n\n\n\n<h3 class=\"wp-block-heading\"><strong>23\u00aa Reuni\u00e3o Ordin\u00e1ria do CBH Paranapanema encerra os trabalhos<\/strong><\/h3>\n\n\n\n<p>No dia <strong>26 de mar\u00e7o<\/strong>, foi realizada a <strong>23\u00aa Reuni\u00e3o Ordin\u00e1ria do CBH Paranapanema<\/strong>, momento em que foram aprovadas pautas importantes, incluindo o <strong>relat\u00f3rio das atividades de 2024<\/strong>. Entre os destaques do balan\u00e7o anual, est\u00e3o a <strong>implementa\u00e7\u00e3o de 100% dos Programas de Educa\u00e7\u00e3o Ambiental e Capacita\u00e7\u00e3o<\/strong> e a execu\u00e7\u00e3o de <strong>mais de 98% do Plano de Trabalho<\/strong>.<\/p>\n\n\n\n<p>Outro tema abordado foi o <strong>processo eleitoral para a renova\u00e7\u00e3o da gest\u00e3o 2025-2029 do Comit\u00ea<\/strong>, cuja comiss\u00e3o respons\u00e1vel j\u00e1 foi institu\u00edda.<\/p>\n\n\n\n<p>Com esses eventos, o CBH Paranapanema reafirma seu compromisso com a gest\u00e3o eficiente dos recursos h\u00eddricos e o fortalecimento da coopera\u00e7\u00e3o entre munic\u00edpios na preserva\u00e7\u00e3o da bacia.<\/p>\n\n\n\n<figure class=\"wp-block-gallery has-nested-images columns-2 is-cropped wp-block-gallery-1 is-layout-flex wp-block-gallery-is-layout-flex\">\n<figure class=\"wp-block-image size-large\"><a href=\"https:\/\/noticiasregionais.com.br\/wp-content\/uploads\/2025\/04\/WhatsApp-Image-2025-04-01-at-10.59.57.jpeg\"><img decoding=\"async\" width=\"771\" height=\"1024\" data-id=\"4883\" src=\"https:\/\/noticiasregionais.com.br\/wp-content\/uploads\/2025\/04\/WhatsApp-Image-2025-04-01-at-10.59.57-771x1024.jpeg\" alt=\"\" class=\"wp-image-4883\" srcset=\"https:\/\/noticiasregionais.com.br\/wp-content\/uploads\/2025\/04\/WhatsApp-Image-2025-04-01-at-10.59.57-771x1024.jpeg 771w, https:\/\/noticiasregionais.com.br\/wp-content\/uploads\/2025\/04\/WhatsApp-Image-2025-04-01-at-10.59.57-226x300.jpeg 226w, https:\/\/noticiasregionais.com.br\/wp-content\/uploads\/2025\/04\/WhatsApp-Image-2025-04-01-at-10.59.57-768x1021.jpeg 768w, https:\/\/noticiasregionais.com.br\/wp-content\/uploads\/2025\/04\/WhatsApp-Image-2025-04-01-at-10.59.57-1156x1536.jpeg 1156w, https:\/\/noticiasregionais.com.br\/wp-content\/uploads\/2025\/04\/WhatsApp-Image-2025-04-01-at-10.59.57.jpeg 1204w\" sizes=\"(max-width: 771px) 100vw, 771px\" \/><\/a><\/figure>\n\n\n\n<figure class=\"wp-block-image size-large\"><a href=\"https:\/\/noticiasregionais.com.br\/wp-content\/uploads\/2025\/04\/WhatsApp-Image-2025-04-01-at-10.59.56.jpeg\"><img decoding=\"async\" width=\"1024\" height=\"768\" data-id=\"4885\" src=\"https:\/\/noticiasregionais.com.br\/wp-content\/uploads\/2025\/04\/WhatsApp-Image-2025-04-01-at-10.59.56-1024x768.jpeg\" alt=\"\" class=\"wp-image-4885\" srcset=\"https:\/\/noticiasregionais.com.br\/wp-content\/uploads\/2025\/04\/WhatsApp-Image-2025-04-01-at-10.59.56-1024x768.jpeg 1024w, https:\/\/noticiasregionais.com.br\/wp-content\/uploads\/2025\/04\/WhatsApp-Image-2025-04-01-at-10.59.56-300x225.jpeg 300w, https:\/\/noticiasregionais.com.br\/wp-content\/uploads\/2025\/04\/WhatsApp-Image-2025-04-01-at-10.59.56-768x576.jpeg 768w, https:\/\/noticiasregionais.com.br\/wp-content\/uploads\/2025\/04\/WhatsApp-Image-2025-04-01-at-10.59.56-1536x1152.jpeg 1536w, https:\/\/noticiasregionais.com.br\/wp-content\/uploads\/2025\/04\/WhatsApp-Image-2025-04-01-at-10.59.56.jpeg 1600w\" sizes=\"(max-width: 1024px) 100vw, 1024px\" \/><\/a><\/figure>\n\n\n\n<figure class=\"wp-block-image size-large\"><a href=\"https:\/\/noticiasregionais.com.br\/wp-content\/uploads\/2025\/04\/WhatsApp-Image-2025-04-01-at-10.59.541.jpeg\"><img decoding=\"async\" width=\"1024\" height=\"771\" data-id=\"4884\" src=\"https:\/\/noticiasregionais.com.br\/wp-content\/uploads\/2025\/04\/WhatsApp-Image-2025-04-01-at-10.59.541-1024x771.jpeg\" alt=\"\" class=\"wp-image-4884\" srcset=\"https:\/\/noticiasregionais.com.br\/wp-content\/uploads\/2025\/04\/WhatsApp-Image-2025-04-01-at-10.59.541-1024x771.jpeg 1024w, https:\/\/noticiasregionais.com.br\/wp-content\/uploads\/2025\/04\/WhatsApp-Image-2025-04-01-at-10.59.541-300x226.jpeg 300w, https:\/\/noticiasregionais.com.br\/wp-content\/uploads\/2025\/04\/WhatsApp-Image-2025-04-01-at-10.59.541-768x578.jpeg 768w, https:\/\/noticiasregionais.com.br\/wp-content\/uploads\/2025\/04\/WhatsApp-Image-2025-04-01-at-10.59.541-1536x1156.jpeg 1536w, https:\/\/noticiasregionais.com.br\/wp-content\/uploads\/2025\/04\/WhatsApp-Image-2025-04-01-at-10.59.541.jpeg 1600w\" sizes=\"(max-width: 1024px) 100vw, 1024px\" \/><\/a><\/figure>\n\n\n\n<figure class=\"wp-block-image size-large\"><a href=\"https:\/\/noticiasregionais.com.br\/wp-content\/uploads\/2025\/04\/WhatsApp-Image-2025-04-01-at-10.59.54.jpeg\"><img decoding=\"async\" width=\"1024\" height=\"771\" data-id=\"4886\" src=\"https:\/\/noticiasregionais.com.br\/wp-content\/uploads\/2025\/04\/WhatsApp-Image-2025-04-01-at-10.59.54-1024x771.jpeg\" alt=\"\" class=\"wp-image-4886\" srcset=\"https:\/\/noticiasregionais.com.br\/wp-content\/uploads\/2025\/04\/WhatsApp-Image-2025-04-01-at-10.59.54-1024x771.jpeg 1024w, https:\/\/noticiasregionais.com.br\/wp-content\/uploads\/2025\/04\/WhatsApp-Image-2025-04-01-at-10.59.54-300x226.jpeg 300w, https:\/\/noticiasregionais.com.br\/wp-content\/uploads\/2025\/04\/WhatsApp-Image-2025-04-01-at-10.59.54-768x578.jpeg 768w, https:\/\/noticiasregionais.com.br\/wp-content\/uploads\/2025\/04\/WhatsApp-Image-2025-04-01-at-10.59.54-1536x1156.jpeg 1536w, https:\/\/noticiasregionais.com.br\/wp-content\/uploads\/2025\/04\/WhatsApp-Image-2025-04-01-at-10.59.54.jpeg 1600w\" sizes=\"(max-width: 1024px) 100vw, 1024px\" \/><\/a><\/figure>\n<\/figure>\n<input type=\"hidden\" id=\"baseurl\" value=\"https:\/\/noticiasregionais.com.br\"><input type=\"hidden\" id=\"audio_nonce\" value=\"533fbb67b1\">","protected":false},"excerpt":{"rendered":"<p>Nos dias 25 e 26 de mar\u00e7o, a cidade de Piraju\/SP, \u00e0s margens do Rio Paranapanema, sediou dois importantes encontros&hellip;<\/p>\n","protected":false},"author":1,"featured_media":4882,"comment_status":"closed","ping_status":"open","sticky":false,"template":"","format":"standard","meta":{"sfsi_plus_gutenberg_text_before_share":"","sfsi_plus_gutenberg_show_text_before_share":"","sfsi_plus_gutenberg_icon_type":"","sfsi_plus_gutenberg_icon_alignemt":"","sfsi_plus_gutenburg_max_per_row":"","footnotes":""},"categories":[6,10,1],"tags":[32],"class_list":["post-4881","post","type-post","status-publish","format-standard","has-post-thumbnail","hentry","category-sao_paulo","category-destaques","category-noticias","tag-piraju"],"_links":{"self":[{"href":"https:\/\/noticiasregionais.com.br\/index.php?rest_route=\/wp\/v2\/posts\/4881","targetHints":{"allow":["GET"]}}],"collection":[{"href":"https:\/\/noticiasregionais.com.br\/index.php?rest_route=\/wp\/v2\/posts"}],"about":[{"href":"https:\/\/noticiasregionais.com.br\/index.php?rest_route=\/wp\/v2\/types\/post"}],"author":[{"embeddable":true,"href":"https:\/\/noticiasregionais.com.br\/index.php?rest_route=\/wp\/v2\/users\/1"}],"replies":[{"embeddable":true,"href":"https:\/\/noticiasregionais.com.br\/index.php?rest_route=%2Fwp%2Fv2%2Fcomments&post=4881"}],"version-history":[{"count":1,"href":"https:\/\/noticiasregionais.com.br\/index.php?rest_route=\/wp\/v2\/posts\/4881\/revisions"}],"predecessor-version":[{"id":4887,"href":"https:\/\/noticiasregionais.com.br\/index.php?rest_route=\/wp\/v2\/posts\/4881\/revisions\/4887"}],"wp:featuredmedia":[{"embeddable":true,"href":"https:\/\/noticiasregionais.com.br\/index.php?rest_route=\/wp\/v2\/media\/4882"}],"wp:attachment":[{"href":"https:\/\/noticiasregionais.com.br\/index.php?rest_route=%2Fwp%2Fv2%2Fmedia&parent=4881"}],"wp:term":[{"taxonomy":"category","embeddable":true,"href":"https:\/\/noticiasregionais.com.br\/index.php?rest_route=%2Fwp%2Fv2%2Fcategories&post=4881"},{"taxonomy":"post_tag","embeddable":true,"href":"https:\/\/noticiasregionais.com.br\/index.php?rest_route=%2Fwp%2Fv2%2Ftags&post=4881"}],"curies":[{"name":"wp","href":"https:\/\/api.w.org\/{rel}","templated":true}]}}