{"id":4888,"date":"2025-04-04T21:02:37","date_gmt":"2025-04-05T00:02:37","guid":{"rendered":"https:\/\/noticiasregionais.com.br\/?p=4888"},"modified":"2025-04-04T21:02:39","modified_gmt":"2025-04-05T00:02:39","slug":"evento-em-comemoracao-aos-3-anos-da-guarda-civil-municipal-de-ourinhos-teve-promocoes-e-reconhecimento","status":"publish","type":"post","link":"https:\/\/noticiasregionais.com.br\/?p=4888","title":{"rendered":"Evento em comemora\u00e7\u00e3o aos 3 anos da Guarda Civil Municipal de Ourinhos teve promo\u00e7\u00f5es e reconhecimento"},"content":{"rendered":"\n<p>A Guarda Civil Municipal (GCM) de Ourinhos completou, nesta sexta-feira (4), tr\u00eas anos de servi\u00e7os prestados \u00e0 cidade, e a data foi marcada por uma cerim\u00f4nia especial de comemora\u00e7\u00e3o. O evento contou com a presen\u00e7a de autoridades locais, como o prefeito Guilherme Gon\u00e7alves, o vice-prefeito Alexandre Z\u00f3io, o secret\u00e1rio municipal de Seguran\u00e7a P\u00fablica, coronel Alexandre Esp\u00edndola Cardoso Ledo, al\u00e9m de outros secret\u00e1rios, membros da GCM, familiares e convidados.<\/p>\n\n\n\n<p>Um dos momentos mais significativos da solenidade foi a promo\u00e7\u00e3o de todos os integrantes da corpora\u00e7\u00e3o \u00e0 2\u00aa Classe, um reconhecimento ao empenho e \u00e0 dedica\u00e7\u00e3o dos agentes na prote\u00e7\u00e3o da comunidade. Na ocasi\u00e3o, o guarda civil Alan Arruda Alves tamb\u00e9m foi nomeado como novo subcomandante da GCM, em virtude de sua postura de lideran\u00e7a e comprometimento com a institui\u00e7\u00e3o.<\/p>\n\n\n\n<p>Atualmente, a GCM de Ourinhos conta com 35 agentes operacionais e atua com foco no patrulhamento preventivo e comunit\u00e1rio, priorizando a seguran\u00e7a e a aproxima\u00e7\u00e3o com os cidad\u00e3os.<\/p>\n\n\n\n<p>Durante seu discurso, o prefeito Guilherme Gon\u00e7alves compartilhou uma hist\u00f3ria pessoal ao revelar que, no passado, tentou ingressar na Guarda, mas n\u00e3o foi aprovado. Ele afirmou que, apesar disso, compreende que os planos de Deus o levaram por outro caminho, e declarou respeito e admira\u00e7\u00e3o pela corpora\u00e7\u00e3o.<\/p>\n\n\n\n<p>O vice-prefeito Alexandre Z\u00f3io tamb\u00e9m prestou homenagem \u00e0 mem\u00f3ria do ex-vereador Carlinhos do Sindicato, que teve papel importante na origem da GCM em Ourinhos: \u201cFoi ele quem iniciou o debate na C\u00e2mara Municipal. Ver essa Guarda bem estruturada e respeitada \u00e9 motivo de orgulho\u201d, destacou.<\/p>\n\n\n\n<p>J\u00e1 o coronel Ledo, secret\u00e1rio de Seguran\u00e7a, enfatizou o papel essencial da GCM na constru\u00e7\u00e3o de uma cidade mais segura. \u201cA corpora\u00e7\u00e3o tem demonstrado efici\u00eancia, compromisso e um v\u00ednculo forte com a popula\u00e7\u00e3o. Este \u00e9 apenas o come\u00e7o de uma trajet\u00f3ria de sucesso.\u201d<\/p>\n\n\n\n<p>A celebra\u00e7\u00e3o dos tr\u00eas anos da GCM refor\u00e7a a import\u00e2ncia da valoriza\u00e7\u00e3o dos profissionais da seguran\u00e7a p\u00fablica e simboliza o in\u00edcio de uma nova etapa para a corpora\u00e7\u00e3o, que segue empenhada em servir e proteger os moradores de Ourinhos.<\/p>\n\n\n\n<figure class=\"wp-block-gallery has-nested-images columns-default is-cropped wp-block-gallery-1 is-layout-flex wp-block-gallery-is-layout-flex\">\n<figure class=\"wp-block-image size-large\"><a href=\"https:\/\/noticiasregionais.com.br\/wp-content\/uploads\/2025\/04\/WhatsApp-Image-2025-04-04-at-17.30.52.jpeg\"><img decoding=\"async\" width=\"1024\" height=\"682\" data-id=\"4890\" src=\"https:\/\/noticiasregionais.com.br\/wp-content\/uploads\/2025\/04\/WhatsApp-Image-2025-04-04-at-17.30.52-1024x682.jpeg\" alt=\"\" class=\"wp-image-4890\" srcset=\"https:\/\/noticiasregionais.com.br\/wp-content\/uploads\/2025\/04\/WhatsApp-Image-2025-04-04-at-17.30.52-1024x682.jpeg 1024w, https:\/\/noticiasregionais.com.br\/wp-content\/uploads\/2025\/04\/WhatsApp-Image-2025-04-04-at-17.30.52-300x200.jpeg 300w, https:\/\/noticiasregionais.com.br\/wp-content\/uploads\/2025\/04\/WhatsApp-Image-2025-04-04-at-17.30.52-768x512.jpeg 768w, https:\/\/noticiasregionais.com.br\/wp-content\/uploads\/2025\/04\/WhatsApp-Image-2025-04-04-at-17.30.52-1536x1023.jpeg 1536w, https:\/\/noticiasregionais.com.br\/wp-content\/uploads\/2025\/04\/WhatsApp-Image-2025-04-04-at-17.30.52.jpeg 1600w\" sizes=\"(max-width: 1024px) 100vw, 1024px\" \/><\/a><\/figure>\n\n\n\n<figure class=\"wp-block-image size-large\"><a href=\"https:\/\/noticiasregionais.com.br\/wp-content\/uploads\/2025\/04\/WhatsApp-Image-2025-04-04-at-17.31.00.jpeg\"><img decoding=\"async\" width=\"1024\" height=\"819\" data-id=\"4891\" src=\"https:\/\/noticiasregionais.com.br\/wp-content\/uploads\/2025\/04\/WhatsApp-Image-2025-04-04-at-17.31.00-1024x819.jpeg\" alt=\"\" class=\"wp-image-4891\" srcset=\"https:\/\/noticiasregionais.com.br\/wp-content\/uploads\/2025\/04\/WhatsApp-Image-2025-04-04-at-17.31.00-1024x819.jpeg 1024w, https:\/\/noticiasregionais.com.br\/wp-content\/uploads\/2025\/04\/WhatsApp-Image-2025-04-04-at-17.31.00-300x240.jpeg 300w, https:\/\/noticiasregionais.com.br\/wp-content\/uploads\/2025\/04\/WhatsApp-Image-2025-04-04-at-17.31.00-768x614.jpeg 768w, https:\/\/noticiasregionais.com.br\/wp-content\/uploads\/2025\/04\/WhatsApp-Image-2025-04-04-at-17.31.00-1536x1228.jpeg 1536w, https:\/\/noticiasregionais.com.br\/wp-content\/uploads\/2025\/04\/WhatsApp-Image-2025-04-04-at-17.31.00.jpeg 1600w\" sizes=\"(max-width: 1024px) 100vw, 1024px\" \/><\/a><\/figure>\n\n\n\n<figure class=\"wp-block-image size-large\"><a href=\"https:\/\/noticiasregionais.com.br\/wp-content\/uploads\/2025\/04\/WhatsApp-Image-2025-04-04-at-17.31.13.jpeg\"><img decoding=\"async\" width=\"1024\" height=\"819\" data-id=\"4893\" src=\"https:\/\/noticiasregionais.com.br\/wp-content\/uploads\/2025\/04\/WhatsApp-Image-2025-04-04-at-17.31.13-1024x819.jpeg\" alt=\"\" class=\"wp-image-4893\" srcset=\"https:\/\/noticiasregionais.com.br\/wp-content\/uploads\/2025\/04\/WhatsApp-Image-2025-04-04-at-17.31.13-1024x819.jpeg 1024w, https:\/\/noticiasregionais.com.br\/wp-content\/uploads\/2025\/04\/WhatsApp-Image-2025-04-04-at-17.31.13-300x240.jpeg 300w, https:\/\/noticiasregionais.com.br\/wp-content\/uploads\/2025\/04\/WhatsApp-Image-2025-04-04-at-17.31.13-768x614.jpeg 768w, https:\/\/noticiasregionais.com.br\/wp-content\/uploads\/2025\/04\/WhatsApp-Image-2025-04-04-at-17.31.13-1536x1228.jpeg 1536w, https:\/\/noticiasregionais.com.br\/wp-content\/uploads\/2025\/04\/WhatsApp-Image-2025-04-04-at-17.31.13.jpeg 1600w\" sizes=\"(max-width: 1024px) 100vw, 1024px\" \/><\/a><\/figure>\n\n\n\n<figure class=\"wp-block-image size-large\"><a href=\"https:\/\/noticiasregionais.com.br\/wp-content\/uploads\/2025\/04\/WhatsApp-Image-2025-04-04-at-17.31.39.jpeg\"><img decoding=\"async\" width=\"1024\" height=\"819\" data-id=\"4892\" src=\"https:\/\/noticiasregionais.com.br\/wp-content\/uploads\/2025\/04\/WhatsApp-Image-2025-04-04-at-17.31.39-1024x819.jpeg\" alt=\"\" class=\"wp-image-4892\" srcset=\"https:\/\/noticiasregionais.com.br\/wp-content\/uploads\/2025\/04\/WhatsApp-Image-2025-04-04-at-17.31.39-1024x819.jpeg 1024w, https:\/\/noticiasregionais.com.br\/wp-content\/uploads\/2025\/04\/WhatsApp-Image-2025-04-04-at-17.31.39-300x240.jpeg 300w, https:\/\/noticiasregionais.com.br\/wp-content\/uploads\/2025\/04\/WhatsApp-Image-2025-04-04-at-17.31.39-768x614.jpeg 768w, https:\/\/noticiasregionais.com.br\/wp-content\/uploads\/2025\/04\/WhatsApp-Image-2025-04-04-at-17.31.39-1536x1228.jpeg 1536w, https:\/\/noticiasregionais.com.br\/wp-content\/uploads\/2025\/04\/WhatsApp-Image-2025-04-04-at-17.31.39.jpeg 1600w\" sizes=\"(max-width: 1024px) 100vw, 1024px\" \/><\/a><\/figure>\n\n\n\n<figure class=\"wp-block-image size-large\"><a href=\"https:\/\/noticiasregionais.com.br\/wp-content\/uploads\/2025\/04\/WhatsApp-Image-2025-04-04-at-17.32.02.jpeg\"><img decoding=\"async\" width=\"1024\" height=\"819\" data-id=\"4895\" src=\"https:\/\/noticiasregionais.com.br\/wp-content\/uploads\/2025\/04\/WhatsApp-Image-2025-04-04-at-17.32.02-1024x819.jpeg\" alt=\"\" class=\"wp-image-4895\" srcset=\"https:\/\/noticiasregionais.com.br\/wp-content\/uploads\/2025\/04\/WhatsApp-Image-2025-04-04-at-17.32.02-1024x819.jpeg 1024w, https:\/\/noticiasregionais.com.br\/wp-content\/uploads\/2025\/04\/WhatsApp-Image-2025-04-04-at-17.32.02-300x240.jpeg 300w, https:\/\/noticiasregionais.com.br\/wp-content\/uploads\/2025\/04\/WhatsApp-Image-2025-04-04-at-17.32.02-768x614.jpeg 768w, https:\/\/noticiasregionais.com.br\/wp-content\/uploads\/2025\/04\/WhatsApp-Image-2025-04-04-at-17.32.02-1536x1228.jpeg 1536w, https:\/\/noticiasregionais.com.br\/wp-content\/uploads\/2025\/04\/WhatsApp-Image-2025-04-04-at-17.32.02.jpeg 1600w\" sizes=\"(max-width: 1024px) 100vw, 1024px\" \/><\/a><\/figure>\n\n\n\n<figure class=\"wp-block-image size-large\"><a href=\"https:\/\/noticiasregionais.com.br\/wp-content\/uploads\/2025\/04\/WhatsApp-Image-2025-04-04-at-17.48.26.jpeg\"><img decoding=\"async\" width=\"1024\" height=\"819\" data-id=\"4894\" src=\"https:\/\/noticiasregionais.com.br\/wp-content\/uploads\/2025\/04\/WhatsApp-Image-2025-04-04-at-17.48.26-1024x819.jpeg\" alt=\"\" class=\"wp-image-4894\" srcset=\"https:\/\/noticiasregionais.com.br\/wp-content\/uploads\/2025\/04\/WhatsApp-Image-2025-04-04-at-17.48.26-1024x819.jpeg 1024w, https:\/\/noticiasregionais.com.br\/wp-content\/uploads\/2025\/04\/WhatsApp-Image-2025-04-04-at-17.48.26-300x240.jpeg 300w, https:\/\/noticiasregionais.com.br\/wp-content\/uploads\/2025\/04\/WhatsApp-Image-2025-04-04-at-17.48.26-768x614.jpeg 768w, https:\/\/noticiasregionais.com.br\/wp-content\/uploads\/2025\/04\/WhatsApp-Image-2025-04-04-at-17.48.26-1536x1228.jpeg 1536w, https:\/\/noticiasregionais.com.br\/wp-content\/uploads\/2025\/04\/WhatsApp-Image-2025-04-04-at-17.48.26.jpeg 1600w\" sizes=\"(max-width: 1024px) 100vw, 1024px\" \/><\/a><\/figure>\n<\/figure>\n<input type=\"hidden\" id=\"baseurl\" value=\"https:\/\/noticiasregionais.com.br\"><input type=\"hidden\" id=\"audio_nonce\" value=\"533fbb67b1\">","protected":false},"excerpt":{"rendered":"<p>A Guarda Civil Municipal (GCM) de Ourinhos completou, nesta sexta-feira (4), tr\u00eas anos de servi\u00e7os prestados \u00e0 cidade, e a&hellip;<\/p>\n","protected":false},"author":1,"featured_media":4889,"comment_status":"closed","ping_status":"open","sticky":false,"template":"","format":"standard","meta":{"sfsi_plus_gutenberg_text_before_share":"","sfsi_plus_gutenberg_show_text_before_share":"","sfsi_plus_gutenberg_icon_type":"","sfsi_plus_gutenberg_icon_alignemt":"","sfsi_plus_gutenburg_max_per_row":"","footnotes":""},"categories":[5,12,1],"tags":[16],"class_list":["post-4888","post","type-post","status-publish","format-standard","has-post-thumbnail","hentry","category-ourinhos","category-capa","category-noticias","tag-ourinhos"],"_links":{"self":[{"href":"https:\/\/noticiasregionais.com.br\/index.php?rest_route=\/wp\/v2\/posts\/4888","targetHints":{"allow":["GET"]}}],"collection":[{"href":"https:\/\/noticiasregionais.com.br\/index.php?rest_route=\/wp\/v2\/posts"}],"about":[{"href":"https:\/\/noticiasregionais.com.br\/index.php?rest_route=\/wp\/v2\/types\/post"}],"author":[{"embeddable":true,"href":"https:\/\/noticiasregionais.com.br\/index.php?rest_route=\/wp\/v2\/users\/1"}],"replies":[{"embeddable":true,"href":"https:\/\/noticiasregionais.com.br\/index.php?rest_route=%2Fwp%2Fv2%2Fcomments&post=4888"}],"version-history":[{"count":1,"href":"https:\/\/noticiasregionais.com.br\/index.php?rest_route=\/wp\/v2\/posts\/4888\/revisions"}],"predecessor-version":[{"id":4896,"href":"https:\/\/noticiasregionais.com.br\/index.php?rest_route=\/wp\/v2\/posts\/4888\/revisions\/4896"}],"wp:featuredmedia":[{"embeddable":true,"href":"https:\/\/noticiasregionais.com.br\/index.php?rest_route=\/wp\/v2\/media\/4889"}],"wp:attachment":[{"href":"https:\/\/noticiasregionais.com.br\/index.php?rest_route=%2Fwp%2Fv2%2Fmedia&parent=4888"}],"wp:term":[{"taxonomy":"category","embeddable":true,"href":"https:\/\/noticiasregionais.com.br\/index.php?rest_route=%2Fwp%2Fv2%2Fcategories&post=4888"},{"taxonomy":"post_tag","embeddable":true,"href":"https:\/\/noticiasregionais.com.br\/index.php?rest_route=%2Fwp%2Fv2%2Ftags&post=4888"}],"curies":[{"name":"wp","href":"https:\/\/api.w.org\/{rel}","templated":true}]}}