{"id":4897,"date":"2025-04-04T21:13:07","date_gmt":"2025-04-05T00:13:07","guid":{"rendered":"https:\/\/noticiasregionais.com.br\/?p=4897"},"modified":"2025-04-04T21:13:10","modified_gmt":"2025-04-05T00:13:10","slug":"policia-militar-apreende-drogas-e-prende-suspeitos-durante-patrulhamento-em-carlopolis","status":"publish","type":"post","link":"https:\/\/noticiasregionais.com.br\/?p=4897","title":{"rendered":"Pol\u00edcia Militar apreende drogas e prende suspeitos durante patrulhamento em Carl\u00f3polis"},"content":{"rendered":"\n<p>Na noite da \u00faltima quarta-feira (3), por volta das 23h, uma equipe da ROTAM do 2\u00ba Batalh\u00e3o da Pol\u00edcia Militar do Paran\u00e1 (2\u00ba BPM), pertencente ao 2\u00ba Comando Regional da PM (2\u00ba CRPM), realizou uma importante a\u00e7\u00e3o contra o tr\u00e1fico de drogas em Carl\u00f3polis, no Norte Pioneiro.<\/p>\n\n\n\n<p>Durante patrulhamento na Rua Jo\u00e3o Feres, no bairro Santa Clara, os policiais perceberam que alguns indiv\u00edduos em frente a uma resid\u00eancia demonstraram nervosismo ao avistar a viatura e rapidamente se dirigiram para o interior do im\u00f3vel. A atitude levantou suspeitas e motivou a abordagem.<\/p>\n\n\n\n<p>Na averigua\u00e7\u00e3o, foram encontradas diversas subst\u00e2ncias entorpecentes: uma por\u00e7\u00e3o significativa de maconha (150g), 43 pedras de crack embaladas (15,2g), mais duas por\u00e7\u00f5es avulsas da mesma droga (15g) e uma por\u00e7\u00e3o de coca\u00edna (18,1g). Tamb\u00e9m foram localizados uma balan\u00e7a de precis\u00e3o, 61 sementes de maconha, dois celulares e R$ 383,00 em dinheiro.<\/p>\n\n\n\n<p>Dois homens foram presos em flagrante e encaminhados \u00e0s autoridades respons\u00e1veis para os procedimentos legais. A Se\u00e7\u00e3o de Comunica\u00e7\u00e3o Social (P5) do 2\u00ba BPM, refor\u00e7a o empenho cont\u00ednuo da Pol\u00edcia Militar do Paran\u00e1 no combate ao tr\u00e1fico e na promo\u00e7\u00e3o da seguran\u00e7a da comunidade.<\/p>\n<input type=\"hidden\" id=\"baseurl\" value=\"https:\/\/noticiasregionais.com.br\"><input type=\"hidden\" id=\"audio_nonce\" value=\"533fbb67b1\">","protected":false},"excerpt":{"rendered":"<p>Na noite da \u00faltima quarta-feira (3), por volta das 23h, uma equipe da ROTAM do 2\u00ba Batalh\u00e3o da Pol\u00edcia Militar&hellip;<\/p>\n","protected":false},"author":1,"featured_media":4898,"comment_status":"closed","ping_status":"open","sticky":false,"template":"","format":"standard","meta":{"sfsi_plus_gutenberg_text_before_share":"","sfsi_plus_gutenberg_show_text_before_share":"","sfsi_plus_gutenberg_icon_type":"","sfsi_plus_gutenberg_icon_alignemt":"","sfsi_plus_gutenburg_max_per_row":"","footnotes":""},"categories":[7,10,1],"tags":[38],"class_list":["post-4897","post","type-post","status-publish","format-standard","has-post-thumbnail","hentry","category-parana","category-destaques","category-noticias","tag-carlopolis"],"_links":{"self":[{"href":"https:\/\/noticiasregionais.com.br\/index.php?rest_route=\/wp\/v2\/posts\/4897","targetHints":{"allow":["GET"]}}],"collection":[{"href":"https:\/\/noticiasregionais.com.br\/index.php?rest_route=\/wp\/v2\/posts"}],"about":[{"href":"https:\/\/noticiasregionais.com.br\/index.php?rest_route=\/wp\/v2\/types\/post"}],"author":[{"embeddable":true,"href":"https:\/\/noticiasregionais.com.br\/index.php?rest_route=\/wp\/v2\/users\/1"}],"replies":[{"embeddable":true,"href":"https:\/\/noticiasregionais.com.br\/index.php?rest_route=%2Fwp%2Fv2%2Fcomments&post=4897"}],"version-history":[{"count":1,"href":"https:\/\/noticiasregionais.com.br\/index.php?rest_route=\/wp\/v2\/posts\/4897\/revisions"}],"predecessor-version":[{"id":4899,"href":"https:\/\/noticiasregionais.com.br\/index.php?rest_route=\/wp\/v2\/posts\/4897\/revisions\/4899"}],"wp:featuredmedia":[{"embeddable":true,"href":"https:\/\/noticiasregionais.com.br\/index.php?rest_route=\/wp\/v2\/media\/4898"}],"wp:attachment":[{"href":"https:\/\/noticiasregionais.com.br\/index.php?rest_route=%2Fwp%2Fv2%2Fmedia&parent=4897"}],"wp:term":[{"taxonomy":"category","embeddable":true,"href":"https:\/\/noticiasregionais.com.br\/index.php?rest_route=%2Fwp%2Fv2%2Fcategories&post=4897"},{"taxonomy":"post_tag","embeddable":true,"href":"https:\/\/noticiasregionais.com.br\/index.php?rest_route=%2Fwp%2Fv2%2Ftags&post=4897"}],"curies":[{"name":"wp","href":"https:\/\/api.w.org\/{rel}","templated":true}]}}