{"id":49,"date":"2023-08-31T23:18:22","date_gmt":"2023-09-01T02:18:22","guid":{"rendered":"https:\/\/noticiasregionais.com.br\/?p=49"},"modified":"2023-09-01T23:35:52","modified_gmt":"2023-09-02T02:35:52","slug":"greve-de-prefeitos-paralisa-servicos-cresce-e-atinge-16-estados","status":"publish","type":"post","link":"https:\/\/noticiasregionais.com.br\/?p=49","title":{"rendered":"Greve de prefeitos paralisa servi\u00e7os, cresce e atinge 16 estados"},"content":{"rendered":"\n<p>Milhares de prefeitos cumpriram a promessa de fechar as portas das prefeituras na \u00faltima quarta-feira (30), em protesto contra a forma que o governo distribui os recursos que arrecada do cidad\u00e3o atrav\u00e9s de impostos. A principal causa da paralisa\u00e7\u00e3o, programada para durar apenas um dia,&nbsp;diz respeito \u00e0 queda dos valores do Fundo de Participa\u00e7\u00e3o dos Munic\u00edpios (FPM) e ao atraso das emendas parlamentares. Al\u00e9m disso, a maioria dos gestores municipais reclama que o governo e o Congresso Nacional criam despesas obrigat\u00f3rias e n\u00e3o geram maneiras de as prefeituras cumprirem com os pagamentos destas despesas.<\/p>\n\n\n\n<p>A paralisa\u00e7\u00e3o foi programada para acontecer apenas em um dia, como forma de alertar as autoridades para a situa\u00e7\u00e3o dos munic\u00edpios, mas as lideran\u00e7as municipalistas planejam outras formas de protestar, caso as reivindica\u00e7\u00f5es n\u00e3o sejam atendidas.&nbsp;<\/p>\n\n\n\n<p>De acordo com a Confedera\u00e7\u00e3o Nacional de Munic\u00edpios (CNM), o movimento saiu do Nordeste, onde havia come\u00e7ado na semana passada&nbsp;e atingiu&nbsp;milhares de cidades, chegando a 16 estados do pa\u00eds.&nbsp;<\/p>\n<input type=\"hidden\" id=\"baseurl\" value=\"https:\/\/noticiasregionais.com.br\"><input type=\"hidden\" id=\"audio_nonce\" value=\"533fbb67b1\">","protected":false},"excerpt":{"rendered":"<p>Milhares de prefeitos cumpriram a promessa de fechar as portas das prefeituras na \u00faltima quarta-feira (30), em protesto contra a&hellip;<\/p>\n","protected":false},"author":1,"featured_media":50,"comment_status":"closed","ping_status":"open","sticky":false,"template":"","format":"standard","meta":{"sfsi_plus_gutenberg_text_before_share":"","sfsi_plus_gutenberg_show_text_before_share":"","sfsi_plus_gutenberg_icon_type":"","sfsi_plus_gutenberg_icon_alignemt":"","sfsi_plus_gutenburg_max_per_row":"","footnotes":""},"categories":[8,10,1],"tags":[],"class_list":["post-49","post","type-post","status-publish","format-standard","has-post-thumbnail","hentry","category-brasil","category-destaques","category-noticias"],"_links":{"self":[{"href":"https:\/\/noticiasregionais.com.br\/index.php?rest_route=\/wp\/v2\/posts\/49","targetHints":{"allow":["GET"]}}],"collection":[{"href":"https:\/\/noticiasregionais.com.br\/index.php?rest_route=\/wp\/v2\/posts"}],"about":[{"href":"https:\/\/noticiasregionais.com.br\/index.php?rest_route=\/wp\/v2\/types\/post"}],"author":[{"embeddable":true,"href":"https:\/\/noticiasregionais.com.br\/index.php?rest_route=\/wp\/v2\/users\/1"}],"replies":[{"embeddable":true,"href":"https:\/\/noticiasregionais.com.br\/index.php?rest_route=%2Fwp%2Fv2%2Fcomments&post=49"}],"version-history":[{"count":1,"href":"https:\/\/noticiasregionais.com.br\/index.php?rest_route=\/wp\/v2\/posts\/49\/revisions"}],"predecessor-version":[{"id":51,"href":"https:\/\/noticiasregionais.com.br\/index.php?rest_route=\/wp\/v2\/posts\/49\/revisions\/51"}],"wp:featuredmedia":[{"embeddable":true,"href":"https:\/\/noticiasregionais.com.br\/index.php?rest_route=\/wp\/v2\/media\/50"}],"wp:attachment":[{"href":"https:\/\/noticiasregionais.com.br\/index.php?rest_route=%2Fwp%2Fv2%2Fmedia&parent=49"}],"wp:term":[{"taxonomy":"category","embeddable":true,"href":"https:\/\/noticiasregionais.com.br\/index.php?rest_route=%2Fwp%2Fv2%2Fcategories&post=49"},{"taxonomy":"post_tag","embeddable":true,"href":"https:\/\/noticiasregionais.com.br\/index.php?rest_route=%2Fwp%2Fv2%2Ftags&post=49"}],"curies":[{"name":"wp","href":"https:\/\/api.w.org\/{rel}","templated":true}]}}