{"id":4900,"date":"2025-04-04T21:18:09","date_gmt":"2025-04-05T00:18:09","guid":{"rendered":"https:\/\/noticiasregionais.com.br\/?p=4900"},"modified":"2025-04-04T21:18:12","modified_gmt":"2025-04-05T00:18:12","slug":"ace-ourinhos-prepara-live-de-lancamento-da-nova-campanha-promocional-montado-na-grana","status":"publish","type":"post","link":"https:\/\/noticiasregionais.com.br\/?p=4900","title":{"rendered":"ACE Ourinhos prepara Live de lan\u00e7amento da nova campanha promocional \u201cMontado na Grana\u201d"},"content":{"rendered":"\n<p>Na pr\u00f3xima quinta-feira, dia 10, a Associa\u00e7\u00e3o Comercial e Empresarial de Ourinhos (ACE) vai apresentar ao p\u00fablico sua mais nova campanha promocional: <strong>\u201cMontado na Grana: o maior pr\u00eamio da hist\u00f3ria para realizar sonhos\u201d<\/strong>. O lan\u00e7amento oficial ser\u00e1 feito por meio de uma <strong>Live especial<\/strong>, com in\u00edcio \u00e0s <strong>19h<\/strong>, nas redes sociais da entidade \u2014 <strong>Facebook e Instagram (@aceourinhos)<\/strong>.<\/p>\n\n\n\n<p>De acordo com o presidente da ACE, Engenheiro Robson Martuchi, o evento online contar\u00e1 com a participa\u00e7\u00e3o de influenciadores locais para ampliar o alcance e engajar o p\u00fablico. \u201cQueremos que o m\u00e1ximo de pessoas conhe\u00e7a a campanha e se anime para participar desde o come\u00e7o\u201d, afirmou.<\/p>\n\n\n\n<p>A a\u00e7\u00e3o tem como foco principal movimentar o com\u00e9rcio de Ourinhos e proporcionar pr\u00eamios que realmente fa\u00e7am a diferen\u00e7a na vida dos consumidores. \u201cAo incentivar compras na cidade, fortalecemos o com\u00e9rcio local, geramos empregos e impulsionamos a economia como um todo\u201d, ressaltou Martuchi.<\/p>\n\n\n\n<p>A ACE convida empres\u00e1rios de diversos setores a acompanharem a Live de lan\u00e7amento e se integrarem \u00e0 campanha. \u201cEssa \u00e9 uma excelente oportunidade para ganhar visibilidade, atrair novos clientes e fazer parte de uma das maiores mobiliza\u00e7\u00f5es promocionais j\u00e1 realizadas na regi\u00e3o\u201d, concluiu o presidente.<\/p>\n<input type=\"hidden\" id=\"baseurl\" value=\"https:\/\/noticiasregionais.com.br\"><input type=\"hidden\" id=\"audio_nonce\" value=\"533fbb67b1\">","protected":false},"excerpt":{"rendered":"<p>Na pr\u00f3xima quinta-feira, dia 10, a Associa\u00e7\u00e3o Comercial e Empresarial de Ourinhos (ACE) vai apresentar ao p\u00fablico sua mais nova&hellip;<\/p>\n","protected":false},"author":1,"featured_media":4901,"comment_status":"closed","ping_status":"open","sticky":false,"template":"","format":"standard","meta":{"sfsi_plus_gutenberg_text_before_share":"","sfsi_plus_gutenberg_show_text_before_share":"","sfsi_plus_gutenberg_icon_type":"","sfsi_plus_gutenberg_icon_alignemt":"","sfsi_plus_gutenburg_max_per_row":"","footnotes":""},"categories":[5,10,1],"tags":[16],"class_list":["post-4900","post","type-post","status-publish","format-standard","has-post-thumbnail","hentry","category-ourinhos","category-destaques","category-noticias","tag-ourinhos"],"_links":{"self":[{"href":"https:\/\/noticiasregionais.com.br\/index.php?rest_route=\/wp\/v2\/posts\/4900","targetHints":{"allow":["GET"]}}],"collection":[{"href":"https:\/\/noticiasregionais.com.br\/index.php?rest_route=\/wp\/v2\/posts"}],"about":[{"href":"https:\/\/noticiasregionais.com.br\/index.php?rest_route=\/wp\/v2\/types\/post"}],"author":[{"embeddable":true,"href":"https:\/\/noticiasregionais.com.br\/index.php?rest_route=\/wp\/v2\/users\/1"}],"replies":[{"embeddable":true,"href":"https:\/\/noticiasregionais.com.br\/index.php?rest_route=%2Fwp%2Fv2%2Fcomments&post=4900"}],"version-history":[{"count":1,"href":"https:\/\/noticiasregionais.com.br\/index.php?rest_route=\/wp\/v2\/posts\/4900\/revisions"}],"predecessor-version":[{"id":4902,"href":"https:\/\/noticiasregionais.com.br\/index.php?rest_route=\/wp\/v2\/posts\/4900\/revisions\/4902"}],"wp:featuredmedia":[{"embeddable":true,"href":"https:\/\/noticiasregionais.com.br\/index.php?rest_route=\/wp\/v2\/media\/4901"}],"wp:attachment":[{"href":"https:\/\/noticiasregionais.com.br\/index.php?rest_route=%2Fwp%2Fv2%2Fmedia&parent=4900"}],"wp:term":[{"taxonomy":"category","embeddable":true,"href":"https:\/\/noticiasregionais.com.br\/index.php?rest_route=%2Fwp%2Fv2%2Fcategories&post=4900"},{"taxonomy":"post_tag","embeddable":true,"href":"https:\/\/noticiasregionais.com.br\/index.php?rest_route=%2Fwp%2Fv2%2Ftags&post=4900"}],"curies":[{"name":"wp","href":"https:\/\/api.w.org\/{rel}","templated":true}]}}