{"id":4903,"date":"2025-04-04T21:30:47","date_gmt":"2025-04-05T00:30:47","guid":{"rendered":"https:\/\/noticiasregionais.com.br\/?p=4903"},"modified":"2025-04-04T21:30:51","modified_gmt":"2025-04-05T00:30:51","slug":"tor-prende-homem-por-descaminho-em-rodovia-de-santa-cruz-do-rio-pardo","status":"publish","type":"post","link":"https:\/\/noticiasregionais.com.br\/?p=4903","title":{"rendered":"TOR prende homem por descaminho em rodovia de Santa Cruz do Rio Pardo"},"content":{"rendered":"\n<p>Na madrugada desta sexta-feira (4), por volta das 5h30, uma equipe do T\u00e1tico Ostensivo Rodovi\u00e1rio (TOR), da Pol\u00edcia Militar do Estado de S\u00e3o Paulo, realizou a pris\u00e3o de um indiv\u00edduo por <strong>crime de descaminho<\/strong> durante patrulhamento na Rodovia Engenheiro Jo\u00e3o Baptista Cabral Renn\u00f3 (SP-225), na altura do km 301, no munic\u00edpio de <strong>Santa Cruz do Rio Pardo\/SP<\/strong>.<\/p>\n\n\n\n<p>A abordagem ocorreu durante a <strong>Opera\u00e7\u00e3o Impacto<\/strong>, quando os policiais deram sinal de parada a um ve\u00edculo VW\/Polo, conduzido apenas pelo motorista. Durante a vistoria no interior do autom\u00f3vel, especialmente no porta-malas, os agentes encontraram diversos produtos eletr\u00f4nicos e itens importados sem documenta\u00e7\u00e3o fiscal.<\/p>\n\n\n\n<p>Foram apreendidos:<\/p>\n\n\n\n<ul class=\"wp-block-list\">\n<li>01 teclado Apple<\/li>\n\n\n\n<li>01 Apple Airtag<\/li>\n\n\n\n<li>13 smartphones Redmi 14C<\/li>\n\n\n\n<li>02 celulares Poco C75<\/li>\n\n\n\n<li>02 celulares Poco X7PRO<\/li>\n\n\n\n<li>02 tablets Redmi Pad SE<\/li>\n\n\n\n<li>01 mouse Apple<\/li>\n\n\n\n<li>02 power banks da Xiaomi<\/li>\n\n\n\n<li>15 caixas de chiclete de nicotina<\/li>\n<\/ul>\n\n\n\n<p>Os itens, oriundos de descaminho, foram avaliados em aproximadamente <strong>R$ 22 mil<\/strong>.<\/p>\n\n\n\n<p>Apesar de n\u00e3o possuir antecedentes criminais, o condutor foi detido e encaminhado, junto aos produtos, \u00e0 <strong>Delegacia da Pol\u00edcia Federal em Bauru\/SP<\/strong>, onde a ocorr\u00eancia foi formalizada. Os produtos foram apreendidos, e tanto o indiv\u00edduo quanto o ve\u00edculo foram liberados ap\u00f3s os procedimentos legais.<\/p>\n\n\n\n<p>A a\u00e7\u00e3o reafirma o trabalho da Pol\u00edcia Militar Rodovi\u00e1ria no combate aos crimes transfronteiri\u00e7os e ao com\u00e9rcio ilegal de mercadorias, especialmente durante opera\u00e7\u00f5es de refor\u00e7o como a Impacto.<\/p>\n<input type=\"hidden\" id=\"baseurl\" value=\"https:\/\/noticiasregionais.com.br\"><input type=\"hidden\" id=\"audio_nonce\" value=\"533fbb67b1\">","protected":false},"excerpt":{"rendered":"<p>Na madrugada desta sexta-feira (4), por volta das 5h30, uma equipe do T\u00e1tico Ostensivo Rodovi\u00e1rio (TOR), da Pol\u00edcia Militar do&hellip;<\/p>\n","protected":false},"author":1,"featured_media":4904,"comment_status":"closed","ping_status":"open","sticky":false,"template":"","format":"standard","meta":{"sfsi_plus_gutenberg_text_before_share":"","sfsi_plus_gutenberg_show_text_before_share":"","sfsi_plus_gutenberg_icon_type":"","sfsi_plus_gutenberg_icon_alignemt":"","sfsi_plus_gutenburg_max_per_row":"","footnotes":""},"categories":[6,10,1],"tags":[17],"class_list":["post-4903","post","type-post","status-publish","format-standard","has-post-thumbnail","hentry","category-sao_paulo","category-destaques","category-noticias","tag-santa_cruz"],"_links":{"self":[{"href":"https:\/\/noticiasregionais.com.br\/index.php?rest_route=\/wp\/v2\/posts\/4903","targetHints":{"allow":["GET"]}}],"collection":[{"href":"https:\/\/noticiasregionais.com.br\/index.php?rest_route=\/wp\/v2\/posts"}],"about":[{"href":"https:\/\/noticiasregionais.com.br\/index.php?rest_route=\/wp\/v2\/types\/post"}],"author":[{"embeddable":true,"href":"https:\/\/noticiasregionais.com.br\/index.php?rest_route=\/wp\/v2\/users\/1"}],"replies":[{"embeddable":true,"href":"https:\/\/noticiasregionais.com.br\/index.php?rest_route=%2Fwp%2Fv2%2Fcomments&post=4903"}],"version-history":[{"count":1,"href":"https:\/\/noticiasregionais.com.br\/index.php?rest_route=\/wp\/v2\/posts\/4903\/revisions"}],"predecessor-version":[{"id":4905,"href":"https:\/\/noticiasregionais.com.br\/index.php?rest_route=\/wp\/v2\/posts\/4903\/revisions\/4905"}],"wp:featuredmedia":[{"embeddable":true,"href":"https:\/\/noticiasregionais.com.br\/index.php?rest_route=\/wp\/v2\/media\/4904"}],"wp:attachment":[{"href":"https:\/\/noticiasregionais.com.br\/index.php?rest_route=%2Fwp%2Fv2%2Fmedia&parent=4903"}],"wp:term":[{"taxonomy":"category","embeddable":true,"href":"https:\/\/noticiasregionais.com.br\/index.php?rest_route=%2Fwp%2Fv2%2Fcategories&post=4903"},{"taxonomy":"post_tag","embeddable":true,"href":"https:\/\/noticiasregionais.com.br\/index.php?rest_route=%2Fwp%2Fv2%2Ftags&post=4903"}],"curies":[{"name":"wp","href":"https:\/\/api.w.org\/{rel}","templated":true}]}}