{"id":4906,"date":"2025-04-07T08:58:11","date_gmt":"2025-04-07T11:58:11","guid":{"rendered":"https:\/\/noticiasregionais.com.br\/?p=4906"},"modified":"2025-04-07T08:58:15","modified_gmt":"2025-04-07T11:58:15","slug":"casal-boliviano-expulsa-192-capsulas-de-cocaina-apos-prisao-em-marilia-sp","status":"publish","type":"post","link":"https:\/\/noticiasregionais.com.br\/?p=4906","title":{"rendered":"Casal boliviano expulsa 192 c\u00e1psulas de coca\u00edna ap\u00f3s pris\u00e3o em Mar\u00edlia\/SP"},"content":{"rendered":"\n<p><em>Mar\u00edlia, 2 de abril de 2025<\/em> \u2013 Um casal de nacionalidade boliviana foi preso por tr\u00e1fico internacional de drogas ap\u00f3s expelir, ao longo de tr\u00eas dias, um total de <strong>192 c\u00e1psulas de coca\u00edna<\/strong>. A apreens\u00e3o foi resultado de uma abordagem realizada por policiais militares rodovi\u00e1rios na Rodovia Rachid Rayes (SP-333), altura do km 354, em Mar\u00edlia\/SP, durante a <em>Opera\u00e7\u00e3o Impacto<\/em>.<\/p>\n\n\n\n<p>Os agentes abordaram um \u00f4nibus interestadual que fazia o trajeto de Campo Grande\/MS para Belo Horizonte\/MG. Durante a fiscaliza\u00e7\u00e3o, o comportamento nervoso do casal chamou a aten\u00e7\u00e3o dos policiais, que iniciaram uma entrevista. Pressionados, ambos admitiram ter ingerido c\u00e1psulas da droga em Puerto Quijarro, na Bol\u00edvia, com destino final em S\u00e3o Carlos\/SP.<\/p>\n\n\n\n<p>Diante da confiss\u00e3o, os dois foram levados ao Hospital de Cl\u00ednicas de Mar\u00edlia, onde passaram por exames de imagem e acompanhamento m\u00e9dico. O homem expeliu 93 c\u00e1psulas, enquanto a mulher eliminou 99, totalizando <strong>1,920 kg de coca\u00edna<\/strong>.<\/p>\n\n\n\n<p>A ocorr\u00eancia foi registrada na Delegacia da Pol\u00edcia Federal de Mar\u00edlia, onde os dois permaneceram presos em flagrante. O caso destaca mais uma a\u00e7\u00e3o eficaz da Pol\u00edcia Militar Rodovi\u00e1ria no combate ao tr\u00e1fico internacional pelas rodovias paulistas.<\/p>\n\n\n\n<p><strong>Pol\u00edcia Militar \u2013 Rumo aos 200 anos! Vamos todos juntos. Ningu\u00e9m fica para tr\u00e1s.<\/strong><\/p>\n\n\n\n<figure class=\"wp-block-gallery has-nested-images columns-default is-cropped wp-block-gallery-1 is-layout-flex wp-block-gallery-is-layout-flex\">\n<figure class=\"wp-block-image size-large\"><img decoding=\"async\" width=\"1024\" height=\"978\" data-id=\"4875\" src=\"https:\/\/noticiasregionais.com.br\/wp-content\/uploads\/2025\/04\/WhatsApp-Image-2025-04-02-at-13.24.19-1024x978.jpeg\" alt=\"\" class=\"wp-image-4875\" srcset=\"https:\/\/noticiasregionais.com.br\/wp-content\/uploads\/2025\/04\/WhatsApp-Image-2025-04-02-at-13.24.19-1024x978.jpeg 1024w, https:\/\/noticiasregionais.com.br\/wp-content\/uploads\/2025\/04\/WhatsApp-Image-2025-04-02-at-13.24.19-300x287.jpeg 300w, https:\/\/noticiasregionais.com.br\/wp-content\/uploads\/2025\/04\/WhatsApp-Image-2025-04-02-at-13.24.19-768x733.jpeg 768w, https:\/\/noticiasregionais.com.br\/wp-content\/uploads\/2025\/04\/WhatsApp-Image-2025-04-02-at-13.24.19.jpeg 1200w\" sizes=\"(max-width: 1024px) 100vw, 1024px\" \/><\/figure>\n\n\n\n<figure class=\"wp-block-image size-large\"><img decoding=\"async\" width=\"898\" height=\"1024\" data-id=\"4876\" src=\"https:\/\/noticiasregionais.com.br\/wp-content\/uploads\/2025\/04\/WhatsApp-Image-2025-04-02-at-13.24.49-898x1024.jpeg\" alt=\"\" class=\"wp-image-4876\" srcset=\"https:\/\/noticiasregionais.com.br\/wp-content\/uploads\/2025\/04\/WhatsApp-Image-2025-04-02-at-13.24.49-898x1024.jpeg 898w, https:\/\/noticiasregionais.com.br\/wp-content\/uploads\/2025\/04\/WhatsApp-Image-2025-04-02-at-13.24.49-263x300.jpeg 263w, https:\/\/noticiasregionais.com.br\/wp-content\/uploads\/2025\/04\/WhatsApp-Image-2025-04-02-at-13.24.49-768x876.jpeg 768w, https:\/\/noticiasregionais.com.br\/wp-content\/uploads\/2025\/04\/WhatsApp-Image-2025-04-02-at-13.24.49.jpeg 959w\" sizes=\"(max-width: 898px) 100vw, 898px\" \/><\/figure>\n<\/figure>\n<input type=\"hidden\" id=\"baseurl\" value=\"https:\/\/noticiasregionais.com.br\"><input type=\"hidden\" id=\"audio_nonce\" value=\"533fbb67b1\">","protected":false},"excerpt":{"rendered":"<p>Mar\u00edlia, 2 de abril de 2025 \u2013 Um casal de nacionalidade boliviana foi preso por tr\u00e1fico internacional de drogas ap\u00f3s&hellip;<\/p>\n","protected":false},"author":1,"featured_media":4907,"comment_status":"closed","ping_status":"open","sticky":false,"template":"","format":"standard","meta":{"sfsi_plus_gutenberg_text_before_share":"","sfsi_plus_gutenberg_show_text_before_share":"","sfsi_plus_gutenberg_icon_type":"","sfsi_plus_gutenberg_icon_alignemt":"","sfsi_plus_gutenburg_max_per_row":"","footnotes":""},"categories":[6,10,1],"tags":[25],"class_list":["post-4906","post","type-post","status-publish","format-standard","has-post-thumbnail","hentry","category-sao_paulo","category-destaques","category-noticias","tag-marilia"],"_links":{"self":[{"href":"https:\/\/noticiasregionais.com.br\/index.php?rest_route=\/wp\/v2\/posts\/4906","targetHints":{"allow":["GET"]}}],"collection":[{"href":"https:\/\/noticiasregionais.com.br\/index.php?rest_route=\/wp\/v2\/posts"}],"about":[{"href":"https:\/\/noticiasregionais.com.br\/index.php?rest_route=\/wp\/v2\/types\/post"}],"author":[{"embeddable":true,"href":"https:\/\/noticiasregionais.com.br\/index.php?rest_route=\/wp\/v2\/users\/1"}],"replies":[{"embeddable":true,"href":"https:\/\/noticiasregionais.com.br\/index.php?rest_route=%2Fwp%2Fv2%2Fcomments&post=4906"}],"version-history":[{"count":1,"href":"https:\/\/noticiasregionais.com.br\/index.php?rest_route=\/wp\/v2\/posts\/4906\/revisions"}],"predecessor-version":[{"id":4908,"href":"https:\/\/noticiasregionais.com.br\/index.php?rest_route=\/wp\/v2\/posts\/4906\/revisions\/4908"}],"wp:featuredmedia":[{"embeddable":true,"href":"https:\/\/noticiasregionais.com.br\/index.php?rest_route=\/wp\/v2\/media\/4907"}],"wp:attachment":[{"href":"https:\/\/noticiasregionais.com.br\/index.php?rest_route=%2Fwp%2Fv2%2Fmedia&parent=4906"}],"wp:term":[{"taxonomy":"category","embeddable":true,"href":"https:\/\/noticiasregionais.com.br\/index.php?rest_route=%2Fwp%2Fv2%2Fcategories&post=4906"},{"taxonomy":"post_tag","embeddable":true,"href":"https:\/\/noticiasregionais.com.br\/index.php?rest_route=%2Fwp%2Fv2%2Ftags&post=4906"}],"curies":[{"name":"wp","href":"https:\/\/api.w.org\/{rel}","templated":true}]}}