{"id":4909,"date":"2025-04-07T09:20:56","date_gmt":"2025-04-07T12:20:56","guid":{"rendered":"https:\/\/noticiasregionais.com.br\/?p=4909"},"modified":"2025-04-07T09:20:58","modified_gmt":"2025-04-07T12:20:58","slug":"camara-de-ourinhos-vota-hoje-piso-salarial-de-r-3-036-para-agentes-de-saude-e-combate-a-endemias","status":"publish","type":"post","link":"https:\/\/noticiasregionais.com.br\/?p=4909","title":{"rendered":"C\u00e2mara de Ourinhos vota hoje piso salarial de R$ 3.036 para agentes de sa\u00fade e combate a endemias"},"content":{"rendered":"\n<p><em>Ourinhos, 7 de abril de 2025<\/em> \u2013 A C\u00e2mara Municipal de Ourinhos vota na sess\u00e3o desta segunda-feira (07) o <strong>Projeto de Lei Complementar n\u00ba 8\/2025<\/strong>, que estabelece o novo piso salarial de <strong>R$ 3.036,00<\/strong> para os <strong>Agentes de Combate a Endemias (ACE)<\/strong> e <strong>Agentes Comunit\u00e1rios de Sa\u00fade (ACS)<\/strong> contratados sob regime da Consolida\u00e7\u00e3o das Leis do Trabalho (CLT). A proposta, de autoria do atual prefeito <strong>Guilherme Andrew Gon\u00e7alves da Silva<\/strong>, representa um passo importante na valoriza\u00e7\u00e3o desses profissionais, em conformidade com a <strong>Emenda Constitucional n\u00ba 120\/2022<\/strong>.<\/p>\n\n\n\n<p>A medida vem corrigir um atraso hist\u00f3rico deixado pela gest\u00e3o anterior. Durante o mandato do ex-prefeito <strong>Lucas Pocay<\/strong>, apesar da exist\u00eancia de normas claras do <strong>Minist\u00e9rio da Sa\u00fade<\/strong> e da pr\u00f3pria <strong>Constitui\u00e7\u00e3o Federal<\/strong>, o munic\u00edpio n\u00e3o tomou nenhuma iniciativa concreta para aplicar o piso nacional da categoria, mesmo com repasses federais garantidos. A in\u00e9rcia gerou forte insatisfa\u00e7\u00e3o entre os servidores, que agora veem a possibilidade de repara\u00e7\u00e3o.<\/p>\n\n\n\n<p>A proposta atual segue os par\u00e2metros estabelecidos pelas <strong>Portarias GM\/MS n\u00ba 3.493\/2024<\/strong> e <strong>6.530\/2025<\/strong>, que definem o repasse federal de incentivo financeiro no valor correspondente a dois sal\u00e1rios m\u00ednimos para os ACEs e ACSs em todo o pa\u00eds. Como o valor \u00e9 fixado pelo governo federal, <strong>n\u00e3o haver\u00e1 progress\u00e3o salarial local<\/strong>, mas o munic\u00edpio poder\u00e1 implementar <strong>gratifica\u00e7\u00f5es, aux\u00edlios e outros benef\u00edcios adicionais<\/strong>, conforme previsto no \u00a7 7\u00ba do art. 198 da Constitui\u00e7\u00e3o Federal.<\/p>\n\n\n\n<p>O novo piso \u00e9 uma reivindica\u00e7\u00e3o antiga da categoria e est\u00e1 sendo votado <strong>em regime de urg\u00eancia<\/strong>. A expectativa \u00e9 de aprova\u00e7\u00e3o un\u00e2nime, como forma de reconhecimento ao trabalho essencial desses profissionais na linha de frente da sa\u00fade p\u00fablica e da preven\u00e7\u00e3o de doen\u00e7as.<\/p>\n\n\n\n<p>Caso aprovada, a lei entra em vigor imediatamente ap\u00f3s sua publica\u00e7\u00e3o oficial, garantindo o reajuste j\u00e1 nas pr\u00f3ximas folhas de pagamento.<\/p>\n<input type=\"hidden\" id=\"baseurl\" value=\"https:\/\/noticiasregionais.com.br\"><input type=\"hidden\" id=\"audio_nonce\" value=\"533fbb67b1\">","protected":false},"excerpt":{"rendered":"<p>Ourinhos, 7 de abril de 2025 \u2013 A C\u00e2mara Municipal de Ourinhos vota na sess\u00e3o desta segunda-feira (07) o Projeto&hellip;<\/p>\n","protected":false},"author":1,"featured_media":4798,"comment_status":"closed","ping_status":"open","sticky":false,"template":"","format":"standard","meta":{"sfsi_plus_gutenberg_text_before_share":"","sfsi_plus_gutenberg_show_text_before_share":"","sfsi_plus_gutenberg_icon_type":"","sfsi_plus_gutenberg_icon_alignemt":"","sfsi_plus_gutenburg_max_per_row":"","footnotes":""},"categories":[5,12,1],"tags":[16],"class_list":["post-4909","post","type-post","status-publish","format-standard","has-post-thumbnail","hentry","category-ourinhos","category-capa","category-noticias","tag-ourinhos"],"_links":{"self":[{"href":"https:\/\/noticiasregionais.com.br\/index.php?rest_route=\/wp\/v2\/posts\/4909","targetHints":{"allow":["GET"]}}],"collection":[{"href":"https:\/\/noticiasregionais.com.br\/index.php?rest_route=\/wp\/v2\/posts"}],"about":[{"href":"https:\/\/noticiasregionais.com.br\/index.php?rest_route=\/wp\/v2\/types\/post"}],"author":[{"embeddable":true,"href":"https:\/\/noticiasregionais.com.br\/index.php?rest_route=\/wp\/v2\/users\/1"}],"replies":[{"embeddable":true,"href":"https:\/\/noticiasregionais.com.br\/index.php?rest_route=%2Fwp%2Fv2%2Fcomments&post=4909"}],"version-history":[{"count":1,"href":"https:\/\/noticiasregionais.com.br\/index.php?rest_route=\/wp\/v2\/posts\/4909\/revisions"}],"predecessor-version":[{"id":4910,"href":"https:\/\/noticiasregionais.com.br\/index.php?rest_route=\/wp\/v2\/posts\/4909\/revisions\/4910"}],"wp:featuredmedia":[{"embeddable":true,"href":"https:\/\/noticiasregionais.com.br\/index.php?rest_route=\/wp\/v2\/media\/4798"}],"wp:attachment":[{"href":"https:\/\/noticiasregionais.com.br\/index.php?rest_route=%2Fwp%2Fv2%2Fmedia&parent=4909"}],"wp:term":[{"taxonomy":"category","embeddable":true,"href":"https:\/\/noticiasregionais.com.br\/index.php?rest_route=%2Fwp%2Fv2%2Fcategories&post=4909"},{"taxonomy":"post_tag","embeddable":true,"href":"https:\/\/noticiasregionais.com.br\/index.php?rest_route=%2Fwp%2Fv2%2Ftags&post=4909"}],"curies":[{"name":"wp","href":"https:\/\/api.w.org\/{rel}","templated":true}]}}