{"id":4920,"date":"2025-04-07T20:01:11","date_gmt":"2025-04-07T23:01:11","guid":{"rendered":"https:\/\/noticiasregionais.com.br\/?p=4920"},"modified":"2025-04-07T20:01:14","modified_gmt":"2025-04-07T23:01:14","slug":"refis-2025-contribuintes-podem-renegociar-dividas-com-a-prefeitura-em-ate-96-vezes","status":"publish","type":"post","link":"https:\/\/noticiasregionais.com.br\/?p=4920","title":{"rendered":"Refis 2025: Contribuintes podem renegociar d\u00edvidas com a Prefeitura em at\u00e9 96 vezes"},"content":{"rendered":"\n<p>A Prefeitura de Ourinhos iniciou, em 10 de mar\u00e7o, o Programa de Recupera\u00e7\u00e3o Fiscal (Refis) 2025, que permite aos cidad\u00e3os com pend\u00eancias financeiras junto ao munic\u00edpio regularizarem suas situa\u00e7\u00f5es com condi\u00e7\u00f5es especiais. O programa permanecer\u00e1 em vigor por 90 dias, com t\u00e9rmino previsto para o m\u00eas de junho.<\/p>\n\n\n\n<p>Os d\u00e9bitos vencidos at\u00e9 31 de dezembro de 2017 poder\u00e3o ser renegociados com abatimento de juros e multas, conforme a modalidade de pagamento escolhida. J\u00e1 as d\u00edvidas geradas entre janeiro de 2018 e dezembro de 2024 ter\u00e3o descontos aplicados apenas sobre as multas.<\/p>\n\n\n\n<p>O programa possibilita o parcelamento dos valores devidos em at\u00e9 96 vezes, desde que a parcela m\u00ednima seja de R$ 60,00. Os descontos seguem a seguinte tabela:<\/p>\n\n\n\n<ul class=\"wp-block-list\">\n<li>Pagamento \u00e0 vista: 100% de desconto;<\/li>\n\n\n\n<li>Parcelamento em at\u00e9 6 vezes: 95%;<\/li>\n\n\n\n<li>De 7 a 12 parcelas: 90%;<\/li>\n\n\n\n<li>De 13 a 24 vezes: 80%;<\/li>\n\n\n\n<li>De 25 a 36 parcelas: 60%;<\/li>\n\n\n\n<li>De 37 a 48 vezes: 50%;<\/li>\n\n\n\n<li>De 49 a 60 parcelas: 40%;<\/li>\n\n\n\n<li>De 61 a 96 vezes: 30%.<\/li>\n<\/ul>\n\n\n\n<p>Para aderir ao Refis 2025, o contribuinte deve preencher um requerimento presencialmente em um dos seguintes locais: Central de Atendimento Tribut\u00e1rio (Poupatempo Ourinhos \u2013 Rua Cardoso Ribeiro, 970), Ger\u00eancia de Recupera\u00e7\u00e3o de Ativos (Pa\u00e7o Municipal \u2013 Travessa Vereador Abrah\u00e3o Abujamra, 62), ou na Ger\u00eancia de D\u00edvida Ativa Judicial (Rua Dr. Altino Arantes, 369).<\/p>\n\n\n\n<p>Ap\u00f3s a solicita\u00e7\u00e3o, ser\u00e1 gerado um termo de parcelamento. O valor da primeira parcela deve ser quitado, podendo ter o vencimento prorrogado por at\u00e9 15 dias.<\/p>\n\n\n\n<p>Todos os detalhes do programa est\u00e3o previstos na Lei Complementar n\u00ba 1.202\/2025, publicada no Di\u00e1rio Oficial do Munic\u00edpio em 10 de mar\u00e7o. Para esclarecer d\u00favidas, os mun\u00edcipes podem procurar os setores respons\u00e1veis pela execu\u00e7\u00e3o do Refis.<\/p>\n<input type=\"hidden\" id=\"baseurl\" value=\"https:\/\/noticiasregionais.com.br\"><input type=\"hidden\" id=\"audio_nonce\" value=\"533fbb67b1\">","protected":false},"excerpt":{"rendered":"<p>A Prefeitura de Ourinhos iniciou, em 10 de mar\u00e7o, o Programa de Recupera\u00e7\u00e3o Fiscal (Refis) 2025, que permite aos cidad\u00e3os&hellip;<\/p>\n","protected":false},"author":1,"featured_media":4921,"comment_status":"closed","ping_status":"open","sticky":false,"template":"","format":"standard","meta":{"sfsi_plus_gutenberg_text_before_share":"","sfsi_plus_gutenberg_show_text_before_share":"","sfsi_plus_gutenberg_icon_type":"","sfsi_plus_gutenberg_icon_alignemt":"","sfsi_plus_gutenburg_max_per_row":"","footnotes":""},"categories":[5,12,1],"tags":[16],"class_list":["post-4920","post","type-post","status-publish","format-standard","has-post-thumbnail","hentry","category-ourinhos","category-capa","category-noticias","tag-ourinhos"],"_links":{"self":[{"href":"https:\/\/noticiasregionais.com.br\/index.php?rest_route=\/wp\/v2\/posts\/4920","targetHints":{"allow":["GET"]}}],"collection":[{"href":"https:\/\/noticiasregionais.com.br\/index.php?rest_route=\/wp\/v2\/posts"}],"about":[{"href":"https:\/\/noticiasregionais.com.br\/index.php?rest_route=\/wp\/v2\/types\/post"}],"author":[{"embeddable":true,"href":"https:\/\/noticiasregionais.com.br\/index.php?rest_route=\/wp\/v2\/users\/1"}],"replies":[{"embeddable":true,"href":"https:\/\/noticiasregionais.com.br\/index.php?rest_route=%2Fwp%2Fv2%2Fcomments&post=4920"}],"version-history":[{"count":1,"href":"https:\/\/noticiasregionais.com.br\/index.php?rest_route=\/wp\/v2\/posts\/4920\/revisions"}],"predecessor-version":[{"id":4922,"href":"https:\/\/noticiasregionais.com.br\/index.php?rest_route=\/wp\/v2\/posts\/4920\/revisions\/4922"}],"wp:featuredmedia":[{"embeddable":true,"href":"https:\/\/noticiasregionais.com.br\/index.php?rest_route=\/wp\/v2\/media\/4921"}],"wp:attachment":[{"href":"https:\/\/noticiasregionais.com.br\/index.php?rest_route=%2Fwp%2Fv2%2Fmedia&parent=4920"}],"wp:term":[{"taxonomy":"category","embeddable":true,"href":"https:\/\/noticiasregionais.com.br\/index.php?rest_route=%2Fwp%2Fv2%2Fcategories&post=4920"},{"taxonomy":"post_tag","embeddable":true,"href":"https:\/\/noticiasregionais.com.br\/index.php?rest_route=%2Fwp%2Fv2%2Ftags&post=4920"}],"curies":[{"name":"wp","href":"https:\/\/api.w.org\/{rel}","templated":true}]}}