{"id":4923,"date":"2025-04-07T20:36:58","date_gmt":"2025-04-07T23:36:58","guid":{"rendered":"https:\/\/noticiasregionais.com.br\/?p=4923"},"modified":"2025-04-07T20:37:00","modified_gmt":"2025-04-07T23:37:00","slug":"policial-militar-salva-bebe-engasgado-no-norte-pioneiro","status":"publish","type":"post","link":"https:\/\/noticiasregionais.com.br\/?p=4923","title":{"rendered":"Policial Militar salva beb\u00ea engasgado no Norte Pioneiro"},"content":{"rendered":"\n<p>Na manh\u00e3 desta segunda-feira (07), um casal em desespero procurou o Pelot\u00e3o da Pol\u00edcia Militar em Siqueira Campos (PR) ap\u00f3s o filho rec\u00e9m-nascido, um beb\u00ea de apenas dois meses, engasgar com leite materno e apresentar sinais de cianose \u2014 colora\u00e7\u00e3o arroxeada causada pela falta de oxig\u00eanio.<\/p>\n\n\n\n<p>O Subtenente de plant\u00e3o, ao perceber a gravidade da situa\u00e7\u00e3o, realizou rapidamente as manobras de desobstru\u00e7\u00e3o das vias a\u00e9reas, conseguindo reverter o quadro e estabilizar a respira\u00e7\u00e3o da crian\u00e7a. Em seguida, o beb\u00ea foi levado nos bra\u00e7os at\u00e9 a unidade de sa\u00fade localizada ao lado do pelot\u00e3o, onde recebeu atendimento m\u00e9dico emergencial.<\/p>\n\n\n\n<p>A m\u00e3e e o beb\u00ea permaneceram em observa\u00e7\u00e3o e foram orientados a realizar exames complementares no hospital, incluindo um raio-X pulmonar.<\/p>\n\n\n\n<p>A a\u00e7\u00e3o r\u00e1pida e precisa do policial salvou uma vida e refor\u00e7a o preparo dos profissionais do 2\u00ba Batalh\u00e3o da Pol\u00edcia Militar do Paran\u00e1 (PMPR), que seguem firmes no compromisso de servir e proteger.<\/p>\n\n\n\n<p>\ud83d\udcde Disque Den\u00fancia: 181 | (43) 9-9150-0190<br>\ud83d\udc6e\u200d\u2642\ufe0f PMPR \u2013 <em>N\u00f3s fazemos a diferen\u00e7a!<\/em><\/p>\n<input type=\"hidden\" id=\"baseurl\" value=\"https:\/\/noticiasregionais.com.br\"><input type=\"hidden\" id=\"audio_nonce\" value=\"533fbb67b1\">","protected":false},"excerpt":{"rendered":"<p>Na manh\u00e3 desta segunda-feira (07), um casal em desespero procurou o Pelot\u00e3o da Pol\u00edcia Militar em Siqueira Campos (PR) ap\u00f3s&hellip;<\/p>\n","protected":false},"author":1,"featured_media":4924,"comment_status":"closed","ping_status":"open","sticky":false,"template":"","format":"standard","meta":{"sfsi_plus_gutenberg_text_before_share":"","sfsi_plus_gutenberg_show_text_before_share":"","sfsi_plus_gutenberg_icon_type":"","sfsi_plus_gutenberg_icon_alignemt":"","sfsi_plus_gutenburg_max_per_row":"","footnotes":""},"categories":[7,10,1],"tags":[39],"class_list":["post-4923","post","type-post","status-publish","format-standard","has-post-thumbnail","hentry","category-parana","category-destaques","category-noticias","tag-siqueira_campos"],"_links":{"self":[{"href":"https:\/\/noticiasregionais.com.br\/index.php?rest_route=\/wp\/v2\/posts\/4923","targetHints":{"allow":["GET"]}}],"collection":[{"href":"https:\/\/noticiasregionais.com.br\/index.php?rest_route=\/wp\/v2\/posts"}],"about":[{"href":"https:\/\/noticiasregionais.com.br\/index.php?rest_route=\/wp\/v2\/types\/post"}],"author":[{"embeddable":true,"href":"https:\/\/noticiasregionais.com.br\/index.php?rest_route=\/wp\/v2\/users\/1"}],"replies":[{"embeddable":true,"href":"https:\/\/noticiasregionais.com.br\/index.php?rest_route=%2Fwp%2Fv2%2Fcomments&post=4923"}],"version-history":[{"count":1,"href":"https:\/\/noticiasregionais.com.br\/index.php?rest_route=\/wp\/v2\/posts\/4923\/revisions"}],"predecessor-version":[{"id":4925,"href":"https:\/\/noticiasregionais.com.br\/index.php?rest_route=\/wp\/v2\/posts\/4923\/revisions\/4925"}],"wp:featuredmedia":[{"embeddable":true,"href":"https:\/\/noticiasregionais.com.br\/index.php?rest_route=\/wp\/v2\/media\/4924"}],"wp:attachment":[{"href":"https:\/\/noticiasregionais.com.br\/index.php?rest_route=%2Fwp%2Fv2%2Fmedia&parent=4923"}],"wp:term":[{"taxonomy":"category","embeddable":true,"href":"https:\/\/noticiasregionais.com.br\/index.php?rest_route=%2Fwp%2Fv2%2Fcategories&post=4923"},{"taxonomy":"post_tag","embeddable":true,"href":"https:\/\/noticiasregionais.com.br\/index.php?rest_route=%2Fwp%2Fv2%2Ftags&post=4923"}],"curies":[{"name":"wp","href":"https:\/\/api.w.org\/{rel}","templated":true}]}}