{"id":4926,"date":"2025-04-07T21:04:04","date_gmt":"2025-04-08T00:04:04","guid":{"rendered":"https:\/\/noticiasregionais.com.br\/?p=4926"},"modified":"2025-04-07T21:04:07","modified_gmt":"2025-04-08T00:04:07","slug":"solidariedade-de-canitar-se-posiciona-contra-pagamento-de-13o-salario-a-agentes-politicos","status":"publish","type":"post","link":"https:\/\/noticiasregionais.com.br\/?p=4926","title":{"rendered":"Solidariedade de Canitar se posiciona contra pagamento de 13\u00ba sal\u00e1rio a agentes pol\u00edticos"},"content":{"rendered":"\n<p>O partido Solidariedade de Canitar orientou seu vereador a votar contra os Projetos de Lei n\u00ba 17 e 18\/2025, que prop\u00f5em o pagamento de 13\u00ba sal\u00e1rio e f\u00e9rias para vereadores, prefeito, vice-prefeito e secret\u00e1rios municipais. Embora os projetos estejam amparados pela legisla\u00e7\u00e3o, o partido considera as propostas moralmente inadequadas diante do cen\u00e1rio atual do munic\u00edpio.<\/p>\n\n\n\n<p>Segundo a nota divulgada, a cidade enfrenta s\u00e9rias dificuldades na \u00e1rea da sa\u00fade, com falta de medicamentos, exames e diversos servi\u00e7os essenciais. Com um or\u00e7amento anual de aproximadamente R$ 44 milh\u00f5es, a aprova\u00e7\u00e3o dos projetos representaria um custo adicional de R$ 150 mil por ano aos cofres p\u00fablicos \u2014 valor que, segundo o partido, deveria ser direcionado diretamente \u00e0 popula\u00e7\u00e3o.<\/p>\n\n\n\n<p>&#8220;A prioridade deve ser atender quem mais precisa, e n\u00e3o aumentar benef\u00edcios de cargos pol\u00edticos&#8221;, destaca a nota. O Solidariedade refor\u00e7a que, em tempos de escassez e desafios na presta\u00e7\u00e3o de servi\u00e7os b\u00e1sicos, \u00e9 dever do poder p\u00fablico agir com responsabilidade e sensibilidade social.<\/p>\n<input type=\"hidden\" id=\"baseurl\" value=\"https:\/\/noticiasregionais.com.br\"><input type=\"hidden\" id=\"audio_nonce\" value=\"d7ad76df66\">","protected":false},"excerpt":{"rendered":"<p>O partido Solidariedade de Canitar orientou seu vereador a votar contra os Projetos de Lei n\u00ba 17 e 18\/2025, que&hellip;<\/p>\n","protected":false},"author":1,"featured_media":4927,"comment_status":"closed","ping_status":"open","sticky":false,"template":"","format":"standard","meta":{"sfsi_plus_gutenberg_text_before_share":"","sfsi_plus_gutenberg_show_text_before_share":"","sfsi_plus_gutenberg_icon_type":"","sfsi_plus_gutenberg_icon_alignemt":"","sfsi_plus_gutenburg_max_per_row":"","footnotes":""},"categories":[6,10,1],"tags":[19],"class_list":["post-4926","post","type-post","status-publish","format-standard","has-post-thumbnail","hentry","category-sao_paulo","category-destaques","category-noticias","tag-canitar"],"_links":{"self":[{"href":"https:\/\/noticiasregionais.com.br\/index.php?rest_route=\/wp\/v2\/posts\/4926","targetHints":{"allow":["GET"]}}],"collection":[{"href":"https:\/\/noticiasregionais.com.br\/index.php?rest_route=\/wp\/v2\/posts"}],"about":[{"href":"https:\/\/noticiasregionais.com.br\/index.php?rest_route=\/wp\/v2\/types\/post"}],"author":[{"embeddable":true,"href":"https:\/\/noticiasregionais.com.br\/index.php?rest_route=\/wp\/v2\/users\/1"}],"replies":[{"embeddable":true,"href":"https:\/\/noticiasregionais.com.br\/index.php?rest_route=%2Fwp%2Fv2%2Fcomments&post=4926"}],"version-history":[{"count":1,"href":"https:\/\/noticiasregionais.com.br\/index.php?rest_route=\/wp\/v2\/posts\/4926\/revisions"}],"predecessor-version":[{"id":4928,"href":"https:\/\/noticiasregionais.com.br\/index.php?rest_route=\/wp\/v2\/posts\/4926\/revisions\/4928"}],"wp:featuredmedia":[{"embeddable":true,"href":"https:\/\/noticiasregionais.com.br\/index.php?rest_route=\/wp\/v2\/media\/4927"}],"wp:attachment":[{"href":"https:\/\/noticiasregionais.com.br\/index.php?rest_route=%2Fwp%2Fv2%2Fmedia&parent=4926"}],"wp:term":[{"taxonomy":"category","embeddable":true,"href":"https:\/\/noticiasregionais.com.br\/index.php?rest_route=%2Fwp%2Fv2%2Fcategories&post=4926"},{"taxonomy":"post_tag","embeddable":true,"href":"https:\/\/noticiasregionais.com.br\/index.php?rest_route=%2Fwp%2Fv2%2Ftags&post=4926"}],"curies":[{"name":"wp","href":"https:\/\/api.w.org\/{rel}","templated":true}]}}