{"id":4929,"date":"2025-04-07T21:46:56","date_gmt":"2025-04-08T00:46:56","guid":{"rendered":"https:\/\/noticiasregionais.com.br\/?p=4929"},"modified":"2025-04-07T21:47:00","modified_gmt":"2025-04-08T00:47:00","slug":"prf-atende-acidente-com-duas-vitimas-graves-na-br-153-em-jacarezinho-pr","status":"publish","type":"post","link":"https:\/\/noticiasregionais.com.br\/?p=4929","title":{"rendered":"PRF atende acidente com duas v\u00edtimas graves na BR-153 em Jacarezinho-PR"},"content":{"rendered":"\n<p>Na manh\u00e3 desta segunda-feira (07), por volta das 08h10, a Pol\u00edcia Rodovi\u00e1ria Federal (PRF) atendeu um acidente grave no km 28,2 da BR-153, no munic\u00edpio de Jacarezinho\/PR.<\/p>\n\n\n\n<p>O sinistro foi do tipo sa\u00edda do leito carro\u00e7\u00e1vel e envolveu uma caminhonete <strong>Ram\/Rampage<\/strong>, conduzida por um homem de 56 anos. Ele viajava com sua esposa, ambos moradores de <strong>Santo Ant\u00f4nio da Platina (PR)<\/strong>, com destino \u00e0 cidade de <strong>Ourinhos (SP)<\/strong>.<\/p>\n\n\n\n<p>Ambos os ocupantes sofreram <strong>ferimentos graves<\/strong> e foram rapidamente atendidos por equipes do <strong>SAMU<\/strong> e da <strong>concession\u00e1ria EPR<\/strong>, sendo encaminhados ao <strong>pronto-socorro de Jacarezinho (PR)<\/strong>.<\/p>\n\n\n\n<p>As <strong>causas do acidente<\/strong> ainda est\u00e3o sendo investigadas. A PRF ficar\u00e1 respons\u00e1vel pela <strong>elabora\u00e7\u00e3o do Laudo Pericial de Acidente de Tr\u00e2nsito<\/strong>.<\/p>\n\n\n\n<p>A PRF refor\u00e7a a import\u00e2ncia da aten\u00e7\u00e3o redobrada ao volante, principalmente em trechos de rodovia com hist\u00f3rico de ocorr\u00eancias.<\/p>\n<input type=\"hidden\" id=\"baseurl\" value=\"https:\/\/noticiasregionais.com.br\"><input type=\"hidden\" id=\"audio_nonce\" value=\"533fbb67b1\">","protected":false},"excerpt":{"rendered":"<p>Na manh\u00e3 desta segunda-feira (07), por volta das 08h10, a Pol\u00edcia Rodovi\u00e1ria Federal (PRF) atendeu um acidente grave no km&hellip;<\/p>\n","protected":false},"author":1,"featured_media":4930,"comment_status":"closed","ping_status":"open","sticky":false,"template":"","format":"standard","meta":{"sfsi_plus_gutenberg_text_before_share":"","sfsi_plus_gutenberg_show_text_before_share":"","sfsi_plus_gutenberg_icon_type":"","sfsi_plus_gutenberg_icon_alignemt":"","sfsi_plus_gutenburg_max_per_row":"","footnotes":""},"categories":[7,10,1],"tags":[18],"class_list":["post-4929","post","type-post","status-publish","format-standard","has-post-thumbnail","hentry","category-parana","category-destaques","category-noticias","tag-jacarezinho"],"_links":{"self":[{"href":"https:\/\/noticiasregionais.com.br\/index.php?rest_route=\/wp\/v2\/posts\/4929","targetHints":{"allow":["GET"]}}],"collection":[{"href":"https:\/\/noticiasregionais.com.br\/index.php?rest_route=\/wp\/v2\/posts"}],"about":[{"href":"https:\/\/noticiasregionais.com.br\/index.php?rest_route=\/wp\/v2\/types\/post"}],"author":[{"embeddable":true,"href":"https:\/\/noticiasregionais.com.br\/index.php?rest_route=\/wp\/v2\/users\/1"}],"replies":[{"embeddable":true,"href":"https:\/\/noticiasregionais.com.br\/index.php?rest_route=%2Fwp%2Fv2%2Fcomments&post=4929"}],"version-history":[{"count":1,"href":"https:\/\/noticiasregionais.com.br\/index.php?rest_route=\/wp\/v2\/posts\/4929\/revisions"}],"predecessor-version":[{"id":4931,"href":"https:\/\/noticiasregionais.com.br\/index.php?rest_route=\/wp\/v2\/posts\/4929\/revisions\/4931"}],"wp:featuredmedia":[{"embeddable":true,"href":"https:\/\/noticiasregionais.com.br\/index.php?rest_route=\/wp\/v2\/media\/4930"}],"wp:attachment":[{"href":"https:\/\/noticiasregionais.com.br\/index.php?rest_route=%2Fwp%2Fv2%2Fmedia&parent=4929"}],"wp:term":[{"taxonomy":"category","embeddable":true,"href":"https:\/\/noticiasregionais.com.br\/index.php?rest_route=%2Fwp%2Fv2%2Fcategories&post=4929"},{"taxonomy":"post_tag","embeddable":true,"href":"https:\/\/noticiasregionais.com.br\/index.php?rest_route=%2Fwp%2Fv2%2Ftags&post=4929"}],"curies":[{"name":"wp","href":"https:\/\/api.w.org\/{rel}","templated":true}]}}