{"id":493,"date":"2023-09-20T08:34:33","date_gmt":"2023-09-20T11:34:33","guid":{"rendered":"https:\/\/noticiasregionais.com.br\/?p=493"},"modified":"2023-09-20T08:34:33","modified_gmt":"2023-09-20T11:34:33","slug":"prf-acolhe-adolescente-que-caminhava-sozinha-na-rodovia","status":"publish","type":"post","link":"https:\/\/noticiasregionais.com.br\/?p=493","title":{"rendered":"PRF acolhe adolescente que caminhava sozinha na rodovia"},"content":{"rendered":"\n<p>Na tarde desta ter\u00e7a-feira (19), uma equipe da PRF encontrou uma adolescente que caminhava \u00e0s margens na BR 153, entre Jos\u00e9 Bonif\u00e1cio-SP e Ubarana-SP. Ela disse aos policiais que perdeu o \u00f4nibus para a escola e estava seguindo a p\u00e9 um percurso de 5 quil\u00f4metros.<br>A adolescente estava cansada e com sede. Ela mora em um s\u00edtio nas proximidades, e para estudar na cidade precisa dormir na casa onde trabalha como bab\u00e1.<br>Bastante emocionada, disse que s\u00f3 tem os domingos para passar com os pais, que moram no s\u00edtio. Neste final de semana ela decidiu faltar ao emprego para ficar um dia a mais com os genitores, motivo pelo qual perdeu o \u00f4nibus para voltar \u00e0 cidade.<br>A hist\u00f3ria da adolescente de Jos\u00e9 Bonif\u00e1cio reflete um dado preocupante. Em 2022, a PRF resgatou 26 pessoas que caminhavam \u00e0s margens das rodovia federais do estado de S\u00e3o Paulo.<br>Dessas pessoas, 17 estavam em situa\u00e7\u00e3o de vulnerabilidade, ou seja, eram idosos, crian\u00e7as ou adolescentes em condi\u00e7\u00e3o de risco \u00e0s margens das rodovias federais paulistas. Na BR 153, foram resgatadas 4 pessoas em situa\u00e7\u00e3o de vulnerabilidade no ano de 2022, entre Ic\u00e9m e Ourinhos.<br>A adolescente de Jos\u00e9 Bonif\u00e1cio foi encaminhada para o Conselho Tutelar local.<\/p>\n<input type=\"hidden\" id=\"baseurl\" value=\"https:\/\/noticiasregionais.com.br\"><input type=\"hidden\" id=\"audio_nonce\" value=\"533fbb67b1\">","protected":false},"excerpt":{"rendered":"<p>Na tarde desta ter\u00e7a-feira (19), uma equipe da PRF encontrou uma adolescente que caminhava \u00e0s margens na BR 153, entre&hellip;<\/p>\n","protected":false},"author":1,"featured_media":494,"comment_status":"closed","ping_status":"open","sticky":false,"template":"","format":"standard","meta":{"sfsi_plus_gutenberg_text_before_share":"","sfsi_plus_gutenberg_show_text_before_share":"","sfsi_plus_gutenberg_icon_type":"","sfsi_plus_gutenberg_icon_alignemt":"","sfsi_plus_gutenburg_max_per_row":"","footnotes":""},"categories":[6,10,1],"tags":[],"class_list":["post-493","post","type-post","status-publish","format-standard","has-post-thumbnail","hentry","category-sao_paulo","category-destaques","category-noticias"],"_links":{"self":[{"href":"https:\/\/noticiasregionais.com.br\/index.php?rest_route=\/wp\/v2\/posts\/493","targetHints":{"allow":["GET"]}}],"collection":[{"href":"https:\/\/noticiasregionais.com.br\/index.php?rest_route=\/wp\/v2\/posts"}],"about":[{"href":"https:\/\/noticiasregionais.com.br\/index.php?rest_route=\/wp\/v2\/types\/post"}],"author":[{"embeddable":true,"href":"https:\/\/noticiasregionais.com.br\/index.php?rest_route=\/wp\/v2\/users\/1"}],"replies":[{"embeddable":true,"href":"https:\/\/noticiasregionais.com.br\/index.php?rest_route=%2Fwp%2Fv2%2Fcomments&post=493"}],"version-history":[{"count":1,"href":"https:\/\/noticiasregionais.com.br\/index.php?rest_route=\/wp\/v2\/posts\/493\/revisions"}],"predecessor-version":[{"id":495,"href":"https:\/\/noticiasregionais.com.br\/index.php?rest_route=\/wp\/v2\/posts\/493\/revisions\/495"}],"wp:featuredmedia":[{"embeddable":true,"href":"https:\/\/noticiasregionais.com.br\/index.php?rest_route=\/wp\/v2\/media\/494"}],"wp:attachment":[{"href":"https:\/\/noticiasregionais.com.br\/index.php?rest_route=%2Fwp%2Fv2%2Fmedia&parent=493"}],"wp:term":[{"taxonomy":"category","embeddable":true,"href":"https:\/\/noticiasregionais.com.br\/index.php?rest_route=%2Fwp%2Fv2%2Fcategories&post=493"},{"taxonomy":"post_tag","embeddable":true,"href":"https:\/\/noticiasregionais.com.br\/index.php?rest_route=%2Fwp%2Fv2%2Ftags&post=493"}],"curies":[{"name":"wp","href":"https:\/\/api.w.org\/{rel}","templated":true}]}}