{"id":4932,"date":"2025-04-08T15:49:46","date_gmt":"2025-04-08T18:49:46","guid":{"rendered":"https:\/\/noticiasregionais.com.br\/?p=4932"},"modified":"2025-04-08T15:49:48","modified_gmt":"2025-04-08T18:49:48","slug":"recicla-ourinhos-recebe-manutencao-e-coleta-de-reciclaveis-sera-interrompida-de-14-a-18-de-abril","status":"publish","type":"post","link":"https:\/\/noticiasregionais.com.br\/?p=4932","title":{"rendered":"Recicla Ourinhos recebe manuten\u00e7\u00e3o e coleta de recicl\u00e1veis ser\u00e1 interrompida de 14 a 18 de abril"},"content":{"rendered":"\n<p>A Secretaria Municipal de Meio Ambiente e Agricultura de Ourinhos comunica que a coleta seletiva realizada pela Recicla Ourinhos ser\u00e1 temporariamente suspensa entre os dias 14 e 18 de abril de 2025. A pausa nas atividades ocorrer\u00e1 para que seja feita uma limpeza e reorganiza\u00e7\u00e3o das instala\u00e7\u00f5es da Cooperativa.<\/p>\n\n\n\n<p>A a\u00e7\u00e3o tem car\u00e1ter preventivo e tem como objetivo eliminar poss\u00edveis criadouros do mosquito da dengue, promovendo mais seguran\u00e7a tanto para os trabalhadores da cooperativa quanto para os moradores da regi\u00e3o.<\/p>\n<input type=\"hidden\" id=\"baseurl\" value=\"https:\/\/noticiasregionais.com.br\"><input type=\"hidden\" id=\"audio_nonce\" value=\"533fbb67b1\">","protected":false},"excerpt":{"rendered":"<p>A Secretaria Municipal de Meio Ambiente e Agricultura de Ourinhos comunica que a coleta seletiva realizada pela Recicla Ourinhos ser\u00e1&hellip;<\/p>\n","protected":false},"author":1,"featured_media":4933,"comment_status":"closed","ping_status":"open","sticky":false,"template":"","format":"standard","meta":{"sfsi_plus_gutenberg_text_before_share":"","sfsi_plus_gutenberg_show_text_before_share":"","sfsi_plus_gutenberg_icon_type":"","sfsi_plus_gutenberg_icon_alignemt":"","sfsi_plus_gutenburg_max_per_row":"","footnotes":""},"categories":[5,10,1],"tags":[16],"class_list":["post-4932","post","type-post","status-publish","format-standard","has-post-thumbnail","hentry","category-ourinhos","category-destaques","category-noticias","tag-ourinhos"],"_links":{"self":[{"href":"https:\/\/noticiasregionais.com.br\/index.php?rest_route=\/wp\/v2\/posts\/4932","targetHints":{"allow":["GET"]}}],"collection":[{"href":"https:\/\/noticiasregionais.com.br\/index.php?rest_route=\/wp\/v2\/posts"}],"about":[{"href":"https:\/\/noticiasregionais.com.br\/index.php?rest_route=\/wp\/v2\/types\/post"}],"author":[{"embeddable":true,"href":"https:\/\/noticiasregionais.com.br\/index.php?rest_route=\/wp\/v2\/users\/1"}],"replies":[{"embeddable":true,"href":"https:\/\/noticiasregionais.com.br\/index.php?rest_route=%2Fwp%2Fv2%2Fcomments&post=4932"}],"version-history":[{"count":1,"href":"https:\/\/noticiasregionais.com.br\/index.php?rest_route=\/wp\/v2\/posts\/4932\/revisions"}],"predecessor-version":[{"id":4934,"href":"https:\/\/noticiasregionais.com.br\/index.php?rest_route=\/wp\/v2\/posts\/4932\/revisions\/4934"}],"wp:featuredmedia":[{"embeddable":true,"href":"https:\/\/noticiasregionais.com.br\/index.php?rest_route=\/wp\/v2\/media\/4933"}],"wp:attachment":[{"href":"https:\/\/noticiasregionais.com.br\/index.php?rest_route=%2Fwp%2Fv2%2Fmedia&parent=4932"}],"wp:term":[{"taxonomy":"category","embeddable":true,"href":"https:\/\/noticiasregionais.com.br\/index.php?rest_route=%2Fwp%2Fv2%2Fcategories&post=4932"},{"taxonomy":"post_tag","embeddable":true,"href":"https:\/\/noticiasregionais.com.br\/index.php?rest_route=%2Fwp%2Fv2%2Ftags&post=4932"}],"curies":[{"name":"wp","href":"https:\/\/api.w.org\/{rel}","templated":true}]}}