{"id":4935,"date":"2025-04-08T16:48:32","date_gmt":"2025-04-08T19:48:32","guid":{"rendered":"https:\/\/noticiasregionais.com.br\/?p=4935"},"modified":"2025-04-08T16:48:36","modified_gmt":"2025-04-08T19:48:36","slug":"inscricoes-abertas-para-o-processo-eleitoral-2025-2029-do-comite-do-rio-paranapanema","status":"publish","type":"post","link":"https:\/\/noticiasregionais.com.br\/?p=4935","title":{"rendered":"Inscri\u00e7\u00f5es abertas para o Processo Eleitoral 2025-2029 do Comit\u00ea do Rio Paranapanema"},"content":{"rendered":"\n<p class=\"has-text-align-center\"><strong>Entidades e institui\u00e7\u00f5es com atua\u00e7\u00e3o na bacia podem se candidatar at\u00e9 30 de junho para integrar a gest\u00e3o participativa dos recursos h\u00eddricos<\/strong><\/p>\n\n\n\n<p>O Comit\u00ea da Bacia Hidrogr\u00e1fica do Rio Paranapanema (CBH Paranapanema) publicou em 1\u00ba de abril de 2025 o edital que regulamenta o Processo Eleitoral para a gest\u00e3o 2025-2029. As inscri\u00e7\u00f5es est\u00e3o abertas at\u00e9 o dia <strong>30 de junho<\/strong> e s\u00e3o voltadas a entidades e institui\u00e7\u00f5es com atua\u00e7\u00e3o na Bacia Hidrogr\u00e1fica do Rio Paranapanema, localizada entre os estados de S\u00e3o Paulo e Paran\u00e1.<\/p>\n\n\n\n<p>O Comit\u00ea \u00e9 respons\u00e1vel pela gest\u00e3o participativa e descentralizada dos recursos h\u00eddricos da Bacia, conforme a Lei das \u00c1guas (Lei Federal n\u00ba 9.433\/97). A cada quatro anos, representantes da sociedade podem integrar o plen\u00e1rio do CBH Paranapanema e participar ativamente da tomada de decis\u00f5es relacionadas \u00e0 \u00e1gua na regi\u00e3o.<\/p>\n\n\n\n<p>Est\u00e3o dispon\u00edveis <strong>50 vagas<\/strong>, distribu\u00eddas entre tr\u00eas segmentos: Poder P\u00fablico (nas esferas federal, estadual e municipal), Entidades Civis (como ONGs, universidades e associa\u00e7\u00f5es) e Usu\u00e1rios de \u00c1gua (dos setores de abastecimento, agropecu\u00e1ria, energia, turismo, entre outros). Cada segmento possui regras espec\u00edficas de inscri\u00e7\u00e3o e quantidade de vagas definidas.<\/p>\n\n\n\n<p>Ap\u00f3s o encerramento das inscri\u00e7\u00f5es, ser\u00e1 feita a an\u00e1lise da documenta\u00e7\u00e3o apresentada. Os representantes habilitados ser\u00e3o convocados para participar das Plen\u00e1rias Setoriais, onde ser\u00e3o definidos os membros titulares e suplentes de cada segmento, conforme crit\u00e9rios estabelecidos no edital do processo.<\/p>\n\n\n\n<p>O CBH Paranapanema foi institu\u00eddo por decreto presidencial em 2012 e abrange uma \u00e1rea de mais de 105 mil km\u00b2, com 247 munic\u00edpios e cerca de 4,8 milh\u00f5es de habitantes. Para consultar o edital e saber como participar do processo eleitoral, acesse:<br>\ud83d\udc49 <a class=\"\" href=\"https:\/\/www.paranapanema.org\/processo-eleitoral-2025-2029\" target=\"_blank\" rel=\"noopener\">https:\/\/www.paranapanema.org\/processo-eleitoral-2025-2029<\/a><\/p>\n\n\n<div class=\"wp-block-image\">\n<figure class=\"aligncenter size-large\"><img decoding=\"async\" width=\"819\" height=\"1024\" src=\"https:\/\/noticiasregionais.com.br\/wp-content\/uploads\/2025\/04\/Abha_processoEleitoral2025_post-011-819x1024.jpg\" alt=\"\" class=\"wp-image-4936\" srcset=\"https:\/\/noticiasregionais.com.br\/wp-content\/uploads\/2025\/04\/Abha_processoEleitoral2025_post-011-819x1024.jpg 819w, https:\/\/noticiasregionais.com.br\/wp-content\/uploads\/2025\/04\/Abha_processoEleitoral2025_post-011-240x300.jpg 240w, https:\/\/noticiasregionais.com.br\/wp-content\/uploads\/2025\/04\/Abha_processoEleitoral2025_post-011-768x960.jpg 768w, https:\/\/noticiasregionais.com.br\/wp-content\/uploads\/2025\/04\/Abha_processoEleitoral2025_post-011.jpg 1080w\" sizes=\"(max-width: 819px) 100vw, 819px\" \/><\/figure>\n<\/div><input type=\"hidden\" id=\"baseurl\" value=\"https:\/\/noticiasregionais.com.br\"><input type=\"hidden\" id=\"audio_nonce\" value=\"533fbb67b1\">","protected":false},"excerpt":{"rendered":"<p>Entidades e institui\u00e7\u00f5es com atua\u00e7\u00e3o na bacia podem se candidatar at\u00e9 30 de junho para integrar a gest\u00e3o participativa dos&hellip;<\/p>\n","protected":false},"author":1,"featured_media":4937,"comment_status":"closed","ping_status":"open","sticky":false,"template":"","format":"standard","meta":{"sfsi_plus_gutenberg_text_before_share":"","sfsi_plus_gutenberg_show_text_before_share":"","sfsi_plus_gutenberg_icon_type":"","sfsi_plus_gutenberg_icon_alignemt":"","sfsi_plus_gutenburg_max_per_row":"","footnotes":""},"categories":[6,10,1],"tags":[16,32,15],"class_list":["post-4935","post","type-post","status-publish","format-standard","has-post-thumbnail","hentry","category-sao_paulo","category-destaques","category-noticias","tag-ourinhos","tag-piraju","tag-salto_grande"],"_links":{"self":[{"href":"https:\/\/noticiasregionais.com.br\/index.php?rest_route=\/wp\/v2\/posts\/4935","targetHints":{"allow":["GET"]}}],"collection":[{"href":"https:\/\/noticiasregionais.com.br\/index.php?rest_route=\/wp\/v2\/posts"}],"about":[{"href":"https:\/\/noticiasregionais.com.br\/index.php?rest_route=\/wp\/v2\/types\/post"}],"author":[{"embeddable":true,"href":"https:\/\/noticiasregionais.com.br\/index.php?rest_route=\/wp\/v2\/users\/1"}],"replies":[{"embeddable":true,"href":"https:\/\/noticiasregionais.com.br\/index.php?rest_route=%2Fwp%2Fv2%2Fcomments&post=4935"}],"version-history":[{"count":1,"href":"https:\/\/noticiasregionais.com.br\/index.php?rest_route=\/wp\/v2\/posts\/4935\/revisions"}],"predecessor-version":[{"id":4938,"href":"https:\/\/noticiasregionais.com.br\/index.php?rest_route=\/wp\/v2\/posts\/4935\/revisions\/4938"}],"wp:featuredmedia":[{"embeddable":true,"href":"https:\/\/noticiasregionais.com.br\/index.php?rest_route=\/wp\/v2\/media\/4937"}],"wp:attachment":[{"href":"https:\/\/noticiasregionais.com.br\/index.php?rest_route=%2Fwp%2Fv2%2Fmedia&parent=4935"}],"wp:term":[{"taxonomy":"category","embeddable":true,"href":"https:\/\/noticiasregionais.com.br\/index.php?rest_route=%2Fwp%2Fv2%2Fcategories&post=4935"},{"taxonomy":"post_tag","embeddable":true,"href":"https:\/\/noticiasregionais.com.br\/index.php?rest_route=%2Fwp%2Fv2%2Ftags&post=4935"}],"curies":[{"name":"wp","href":"https:\/\/api.w.org\/{rel}","templated":true}]}}