{"id":4941,"date":"2025-04-08T17:21:01","date_gmt":"2025-04-08T20:21:01","guid":{"rendered":"https:\/\/noticiasregionais.com.br\/?p=4941"},"modified":"2025-04-08T17:21:33","modified_gmt":"2025-04-08T20:21:33","slug":"k9-do-13o-baep-prende-homem-procurado-pela-justica-em-santa-cruz-do-rio-pardo","status":"publish","type":"post","link":"https:\/\/noticiasregionais.com.br\/?p=4941","title":{"rendered":"K9 do 13\u00ba BAEP prende homem procurado pela Justi\u00e7a em Santa Cruz do Rio Pardo"},"content":{"rendered":"\n<p>Na tarde de segunda-feira (07), a equipe K9 do 13\u00ba Batalh\u00e3o de A\u00e7\u00f5es Especiais de Pol\u00edcia (BAEP) realizou a pris\u00e3o de um homem de 43 anos que estava sendo procurado pela Justi\u00e7a. A a\u00e7\u00e3o aconteceu por volta das 13h45, na Rodovia Orlando Quagliato, Km 16, em Santa Cruz do Rio Pardo\/SP.<\/p>\n\n\n\n<p>Durante patrulhamento t\u00e1tico, os policiais receberam informa\u00e7\u00f5es sobre a presen\u00e7a de um foragido na regi\u00e3o. Com base na den\u00fancia, a equipe intensificou a vigil\u00e2ncia e, ao avistar o suspeito, realizou a abordagem imediata, seguida de busca pessoal. Nada de il\u00edcito foi encontrado.<\/p>\n\n\n\n<p>No entanto, ao consultar os dados do abordado via COPOM, foi confirmado um mandado de pris\u00e3o em aberto, relacionado ao artigo 246 do C\u00f3digo Penal (abandono material). Diante da constata\u00e7\u00e3o, o homem recebeu voz de pris\u00e3o no local.<\/p>\n\n\n\n<p>O indiv\u00edduo foi conduzido \u00e0 Central de Pol\u00edcia Judici\u00e1ria de Santa Cruz do Rio Pardo, onde a autoridade policial ratificou a pris\u00e3o e elaborou o boletim de ocorr\u00eancia. O capturado permanece agora \u00e0 disposi\u00e7\u00e3o da Justi\u00e7a, conforme determina o mandado vigente.<\/p>\n\n\n\n<p>A a\u00e7\u00e3o refor\u00e7a o compromisso do 13\u00ba BAEP e da Pol\u00edcia Militar com a seguran\u00e7a da popula\u00e7\u00e3o, atuando com intelig\u00eancia e efici\u00eancia na retirada de procurados de circula\u00e7\u00e3o.<\/p>\n<input type=\"hidden\" id=\"baseurl\" value=\"https:\/\/noticiasregionais.com.br\"><input type=\"hidden\" id=\"audio_nonce\" value=\"3cdc555a10\">","protected":false},"excerpt":{"rendered":"<p>Na tarde de segunda-feira (07), a equipe K9 do 13\u00ba Batalh\u00e3o de A\u00e7\u00f5es Especiais de Pol\u00edcia (BAEP) realizou a pris\u00e3o&hellip;<\/p>\n","protected":false},"author":1,"featured_media":4942,"comment_status":"closed","ping_status":"open","sticky":false,"template":"","format":"standard","meta":{"sfsi_plus_gutenberg_text_before_share":"","sfsi_plus_gutenberg_show_text_before_share":"","sfsi_plus_gutenberg_icon_type":"","sfsi_plus_gutenberg_icon_alignemt":"","sfsi_plus_gutenburg_max_per_row":"","footnotes":""},"categories":[6,12,1],"tags":[17],"class_list":["post-4941","post","type-post","status-publish","format-standard","has-post-thumbnail","hentry","category-sao_paulo","category-capa","category-noticias","tag-santa_cruz"],"_links":{"self":[{"href":"https:\/\/noticiasregionais.com.br\/index.php?rest_route=\/wp\/v2\/posts\/4941","targetHints":{"allow":["GET"]}}],"collection":[{"href":"https:\/\/noticiasregionais.com.br\/index.php?rest_route=\/wp\/v2\/posts"}],"about":[{"href":"https:\/\/noticiasregionais.com.br\/index.php?rest_route=\/wp\/v2\/types\/post"}],"author":[{"embeddable":true,"href":"https:\/\/noticiasregionais.com.br\/index.php?rest_route=\/wp\/v2\/users\/1"}],"replies":[{"embeddable":true,"href":"https:\/\/noticiasregionais.com.br\/index.php?rest_route=%2Fwp%2Fv2%2Fcomments&post=4941"}],"version-history":[{"count":1,"href":"https:\/\/noticiasregionais.com.br\/index.php?rest_route=\/wp\/v2\/posts\/4941\/revisions"}],"predecessor-version":[{"id":4943,"href":"https:\/\/noticiasregionais.com.br\/index.php?rest_route=\/wp\/v2\/posts\/4941\/revisions\/4943"}],"wp:featuredmedia":[{"embeddable":true,"href":"https:\/\/noticiasregionais.com.br\/index.php?rest_route=\/wp\/v2\/media\/4942"}],"wp:attachment":[{"href":"https:\/\/noticiasregionais.com.br\/index.php?rest_route=%2Fwp%2Fv2%2Fmedia&parent=4941"}],"wp:term":[{"taxonomy":"category","embeddable":true,"href":"https:\/\/noticiasregionais.com.br\/index.php?rest_route=%2Fwp%2Fv2%2Fcategories&post=4941"},{"taxonomy":"post_tag","embeddable":true,"href":"https:\/\/noticiasregionais.com.br\/index.php?rest_route=%2Fwp%2Fv2%2Ftags&post=4941"}],"curies":[{"name":"wp","href":"https:\/\/api.w.org\/{rel}","templated":true}]}}