{"id":4944,"date":"2025-04-08T18:22:22","date_gmt":"2025-04-08T21:22:22","guid":{"rendered":"https:\/\/noticiasregionais.com.br\/?p=4944"},"modified":"2025-04-08T18:22:25","modified_gmt":"2025-04-08T21:22:25","slug":"secretaria-de-inclusao-de-ourinhos-apoia-solicitacao-da-carteira-ciptea-para-autistas","status":"publish","type":"post","link":"https:\/\/noticiasregionais.com.br\/?p=4944","title":{"rendered":"Secretaria de Inclus\u00e3o de Ourinhos apoia solicita\u00e7\u00e3o da Carteira CipTEA para autistas"},"content":{"rendered":"\n<p>A Carteira de Identifica\u00e7\u00e3o da Pessoa com Transtorno do Espectro Autista (CipTEA), oferecida gratuitamente pelo Governo do Estado de S\u00e3o Paulo, pode ser solicitada com o apoio da Secretaria Municipal de Inclus\u00e3o de Ourinhos. O documento garante mais autonomia e facilita o acesso a atendimentos priorit\u00e1rios em servi\u00e7os p\u00fablicos e privados.<\/p>\n\n\n\n<p>A CipTEA tem como objetivo principal assegurar o reconhecimento e o atendimento preferencial a pessoas com autismo, promovendo inclus\u00e3o e respeito em todo o territ\u00f3rio paulista. A identifica\u00e7\u00e3o \u00e9 v\u00e1lida em diversas situa\u00e7\u00f5es, como filas priorit\u00e1rias, atendimento m\u00e9dico, transporte e outros servi\u00e7os essenciais.<\/p>\n\n\n\n<p>Para fazer a solicita\u00e7\u00e3o, \u00e9 necess\u00e1rio possuir uma conta ativa no gov.br, al\u00e9m de apresentar c\u00f3pias do RG ou CPF, informa\u00e7\u00e3o sobre o tipo sangu\u00edneo, foto 3&#215;4 e relat\u00f3rio m\u00e9dico com o CID do TEA, assinatura e CRM do profissional. Caso o interessado queira o cart\u00e3o de identifica\u00e7\u00e3o veicular, tamb\u00e9m ser\u00e1 preciso apresentar o documento do ve\u00edculo.<\/p>\n\n\n\n<p>A Secretaria de Inclus\u00e3o est\u00e1 dispon\u00edvel para orientar e auxiliar no processo de solicita\u00e7\u00e3o. O atendimento \u00e9 realizado de segunda a sexta-feira, das 8h \u00e0s 17h, na Avenida Altino Arantes, n\u00ba 369 \u2013 Centro de Ourinhos, no antigo pr\u00e9dio da SAE.<\/p>\n\n\n\n<p>Para mais informa\u00e7\u00f5es ou d\u00favidas sobre o procedimento, a popula\u00e7\u00e3o pode entrar em contato pelo telefone (14) 99635-8881.<\/p>\n<input type=\"hidden\" id=\"baseurl\" value=\"https:\/\/noticiasregionais.com.br\"><input type=\"hidden\" id=\"audio_nonce\" value=\"533fbb67b1\">","protected":false},"excerpt":{"rendered":"<p>A Carteira de Identifica\u00e7\u00e3o da Pessoa com Transtorno do Espectro Autista (CipTEA), oferecida gratuitamente pelo Governo do Estado de S\u00e3o&hellip;<\/p>\n","protected":false},"author":1,"featured_media":4945,"comment_status":"closed","ping_status":"open","sticky":false,"template":"","format":"standard","meta":{"sfsi_plus_gutenberg_text_before_share":"","sfsi_plus_gutenberg_show_text_before_share":"","sfsi_plus_gutenberg_icon_type":"","sfsi_plus_gutenberg_icon_alignemt":"","sfsi_plus_gutenburg_max_per_row":"","footnotes":""},"categories":[5,10,1],"tags":[16],"class_list":["post-4944","post","type-post","status-publish","format-standard","has-post-thumbnail","hentry","category-ourinhos","category-destaques","category-noticias","tag-ourinhos"],"_links":{"self":[{"href":"https:\/\/noticiasregionais.com.br\/index.php?rest_route=\/wp\/v2\/posts\/4944","targetHints":{"allow":["GET"]}}],"collection":[{"href":"https:\/\/noticiasregionais.com.br\/index.php?rest_route=\/wp\/v2\/posts"}],"about":[{"href":"https:\/\/noticiasregionais.com.br\/index.php?rest_route=\/wp\/v2\/types\/post"}],"author":[{"embeddable":true,"href":"https:\/\/noticiasregionais.com.br\/index.php?rest_route=\/wp\/v2\/users\/1"}],"replies":[{"embeddable":true,"href":"https:\/\/noticiasregionais.com.br\/index.php?rest_route=%2Fwp%2Fv2%2Fcomments&post=4944"}],"version-history":[{"count":1,"href":"https:\/\/noticiasregionais.com.br\/index.php?rest_route=\/wp\/v2\/posts\/4944\/revisions"}],"predecessor-version":[{"id":4946,"href":"https:\/\/noticiasregionais.com.br\/index.php?rest_route=\/wp\/v2\/posts\/4944\/revisions\/4946"}],"wp:featuredmedia":[{"embeddable":true,"href":"https:\/\/noticiasregionais.com.br\/index.php?rest_route=\/wp\/v2\/media\/4945"}],"wp:attachment":[{"href":"https:\/\/noticiasregionais.com.br\/index.php?rest_route=%2Fwp%2Fv2%2Fmedia&parent=4944"}],"wp:term":[{"taxonomy":"category","embeddable":true,"href":"https:\/\/noticiasregionais.com.br\/index.php?rest_route=%2Fwp%2Fv2%2Fcategories&post=4944"},{"taxonomy":"post_tag","embeddable":true,"href":"https:\/\/noticiasregionais.com.br\/index.php?rest_route=%2Fwp%2Fv2%2Ftags&post=4944"}],"curies":[{"name":"wp","href":"https:\/\/api.w.org\/{rel}","templated":true}]}}