{"id":4947,"date":"2025-04-09T13:35:33","date_gmt":"2025-04-09T16:35:33","guid":{"rendered":"https:\/\/noticiasregionais.com.br\/?p=4947"},"modified":"2025-04-09T13:35:36","modified_gmt":"2025-04-09T16:35:36","slug":"projeto-um-pingo-de-consciencia-entra-na-reta-final-com-criancas-da-rede-municipal-de-ourinhos","status":"publish","type":"post","link":"https:\/\/noticiasregionais.com.br\/?p=4947","title":{"rendered":"Projeto \u201cUm Pingo de Consci\u00eancia\u201d entra na reta final com crian\u00e7as da rede municipal de Ourinhos"},"content":{"rendered":"\n<h4 class=\"wp-block-heading has-text-align-center\">Iniciativa leva educa\u00e7\u00e3o ambiental \u00e0s escolas, formando jovens defensores da natureza e promovendo uma cultura de sustentabilidade<\/h4>\n\n\n\n<p>A Diretoria de Educa\u00e7\u00e3o Ambiental, em parceria com a Secretaria Municipal da Educa\u00e7\u00e3o de Ourinhos, est\u00e1 concluindo a execu\u00e7\u00e3o do projeto \u201cUm Pingo de Consci\u00eancia\u201d. A a\u00e7\u00e3o, que teve in\u00edcio no in\u00edcio do ano letivo, tem como miss\u00e3o formar uma nova gera\u00e7\u00e3o de defensores do meio ambiente, por meio da educa\u00e7\u00e3o ambiental nas escolas municipais.<\/p>\n\n\n\n<p>Voltado para crian\u00e7as e adolescentes das 23 EMEIs e NEIs do munic\u00edpio, o projeto alia teoria e pr\u00e1tica em atividades l\u00fadicas e interativas. Os alunos aprendem conceitos como sustentabilidade, consumo consciente, economia de \u00e1gua, reciclagem, prote\u00e7\u00e3o da fauna e da flora, especialmente da Mata Atl\u00e2ntica. Al\u00e9m disso, s\u00e3o trabalhados temas como energias renov\u00e1veis, mudan\u00e7as clim\u00e1ticas e os 5 Rs da Sustentabilidade: <strong>Recusar, Reduzir, Reutilizar, Reciclar e Repensar<\/strong>.<\/p>\n\n\n\n<p>Mais do que ensinar, a proposta \u00e9 inspirar. Ao absorverem os conte\u00fados e pr\u00e1ticas, as crian\u00e7as tornam-se multiplicadoras do conhecimento, levando para casa atitudes que podem transformar a realidade da comunidade e da cidade.<\/p>\n\n\n\n<p>O impacto vai al\u00e9m da sala de aula, promovendo o engajamento das fam\u00edlias e incentivando novos h\u00e1bitos sustent\u00e1veis em casa. Reduzir desperd\u00edcios, respeitar a natureza e melhorar a gest\u00e3o de res\u00edduos s\u00e3o alguns dos legados que o projeto pretende deixar.<\/p>\n\n\n\n<p>Agora, com a maioria das a\u00e7\u00f5es j\u00e1 conclu\u00eddas, o cronograma se encaminha para a fase final. As \u00faltimas atividades est\u00e3o programadas para o m\u00eas de abril, garantindo que todas as unidades escolares participantes recebam as a\u00e7\u00f5es educativas previstas.<\/p>\n\n\n\n<p>Com essa iniciativa, Ourinhos d\u00e1 um importante passo rumo a um futuro mais verde, consciente e sustent\u00e1vel.<\/p>\n<input type=\"hidden\" id=\"baseurl\" value=\"https:\/\/noticiasregionais.com.br\"><input type=\"hidden\" id=\"audio_nonce\" value=\"533fbb67b1\">","protected":false},"excerpt":{"rendered":"<p>Iniciativa leva educa\u00e7\u00e3o ambiental \u00e0s escolas, formando jovens defensores da natureza e promovendo uma cultura de sustentabilidade A Diretoria de&hellip;<\/p>\n","protected":false},"author":1,"featured_media":4948,"comment_status":"closed","ping_status":"open","sticky":false,"template":"","format":"standard","meta":{"sfsi_plus_gutenberg_text_before_share":"","sfsi_plus_gutenberg_show_text_before_share":"","sfsi_plus_gutenberg_icon_type":"","sfsi_plus_gutenberg_icon_alignemt":"","sfsi_plus_gutenburg_max_per_row":"","footnotes":""},"categories":[5,12,1],"tags":[16],"class_list":["post-4947","post","type-post","status-publish","format-standard","has-post-thumbnail","hentry","category-ourinhos","category-capa","category-noticias","tag-ourinhos"],"_links":{"self":[{"href":"https:\/\/noticiasregionais.com.br\/index.php?rest_route=\/wp\/v2\/posts\/4947","targetHints":{"allow":["GET"]}}],"collection":[{"href":"https:\/\/noticiasregionais.com.br\/index.php?rest_route=\/wp\/v2\/posts"}],"about":[{"href":"https:\/\/noticiasregionais.com.br\/index.php?rest_route=\/wp\/v2\/types\/post"}],"author":[{"embeddable":true,"href":"https:\/\/noticiasregionais.com.br\/index.php?rest_route=\/wp\/v2\/users\/1"}],"replies":[{"embeddable":true,"href":"https:\/\/noticiasregionais.com.br\/index.php?rest_route=%2Fwp%2Fv2%2Fcomments&post=4947"}],"version-history":[{"count":1,"href":"https:\/\/noticiasregionais.com.br\/index.php?rest_route=\/wp\/v2\/posts\/4947\/revisions"}],"predecessor-version":[{"id":4949,"href":"https:\/\/noticiasregionais.com.br\/index.php?rest_route=\/wp\/v2\/posts\/4947\/revisions\/4949"}],"wp:featuredmedia":[{"embeddable":true,"href":"https:\/\/noticiasregionais.com.br\/index.php?rest_route=\/wp\/v2\/media\/4948"}],"wp:attachment":[{"href":"https:\/\/noticiasregionais.com.br\/index.php?rest_route=%2Fwp%2Fv2%2Fmedia&parent=4947"}],"wp:term":[{"taxonomy":"category","embeddable":true,"href":"https:\/\/noticiasregionais.com.br\/index.php?rest_route=%2Fwp%2Fv2%2Fcategories&post=4947"},{"taxonomy":"post_tag","embeddable":true,"href":"https:\/\/noticiasregionais.com.br\/index.php?rest_route=%2Fwp%2Fv2%2Ftags&post=4947"}],"curies":[{"name":"wp","href":"https:\/\/api.w.org\/{rel}","templated":true}]}}