{"id":4950,"date":"2025-04-09T16:14:43","date_gmt":"2025-04-09T19:14:43","guid":{"rendered":"https:\/\/noticiasregionais.com.br\/?p=4950"},"modified":"2025-04-09T16:18:04","modified_gmt":"2025-04-09T19:18:04","slug":"ace-lanca-campanha-inedita-montado-na-grana-com-premio-historico-em-live-imperdivel","status":"publish","type":"post","link":"https:\/\/noticiasregionais.com.br\/?p=4950","title":{"rendered":"ACE Lan\u00e7a Campanha In\u00e9dita &#8220;Montado na Grana&#8221; com Pr\u00eamio Hist\u00f3rico em Live Imperd\u00edvel"},"content":{"rendered":"\n<p><strong>Ourinhos se prepara para uma campanha que promete agitar o com\u00e9rcio local!<\/strong> A Associa\u00e7\u00e3o Comercial e Empresarial de Ourinhos (ACE) convida a todos para o lan\u00e7amento oficial da campanha <strong>&#8220;Montado na Grana: o maior pr\u00eamio da hist\u00f3ria para realizar sonhos&#8221;<\/strong>. O evento de lan\u00e7amento ser\u00e1 realizado nesta <strong>quinta-feira, dia 10, \u00e0s 19 horas<\/strong>, atrav\u00e9s de uma <strong>Live especial<\/strong> transmitida simultaneamente pelo <strong>Facebook e Instagram da ACE (@aceourinhos)<\/strong>.<\/p>\n\n\n\n<p>A transmiss\u00e3o ao vivo contar\u00e1 com a participa\u00e7\u00e3o do presidente da ACE, o Eng\u00b0. Robson Martuchi, que apresentar\u00e1 todos os detalhes desta promo\u00e7\u00e3o in\u00e9dita. Al\u00e9m disso, a Live ter\u00e1 a presen\u00e7a dos influenciadores digitais Abner Tinelo, David Santos, Linara Batista e Tha\u00eds Maria, que trar\u00e3o ainda mais entusiasmo ao evento.<\/p>\n\n\n\n<p>A campanha &#8220;Montado na Grana&#8221; conta com o patroc\u00ednio master da Cresol, e o apoio valioso da Cednet e da DiaStrom, refor\u00e7ando a uni\u00e3o de for\u00e7as em prol do desenvolvimento econ\u00f4mico de Ourinhos.<\/p>\n\n\n\n<div class=\"wp-block-columns are-vertically-aligned-center is-layout-flex wp-container-core-columns-is-layout-9d6595d7 wp-block-columns-is-layout-flex\">\n<div class=\"wp-block-column is-vertically-aligned-center is-layout-flow wp-block-column-is-layout-flow\" style=\"flex-basis:50%\">\n<p>&#8220;Nosso objetivo principal com esta promo\u00e7\u00e3o \u00e9 valorizar o nosso com\u00e9rcio e impulsionar a economia da cidade,&#8221; enfatiza Robson Martuchi, presidente da ACE. &#8220;Ao incentivarmos que as compras sejam realizadas aqui em Ourinhos, estamos contribuindo diretamente para o crescimento dos nossos neg\u00f3cios, a cria\u00e7\u00e3o de novas oportunidades de emprego e o fortalecimento de toda a nossa comunidade.&#8221;<br><br>A ACE estende um convite especial a todos os empreendedores de Ourinhos, de todos os segmentos, para que acompanhem a Live de lan\u00e7amento e se juntem a esta grande iniciativa. &#8220;Esta \u00e9 uma oportunidade singular para aumentar a visibilidade da sua empresa, atrair um p\u00fablico ainda maior e fazer parte de uma das maiores a\u00e7\u00f5es de incentivo ao com\u00e9rcio j\u00e1 vista em nossa regi\u00e3o,&#8221; conclui o presidente.<\/p>\n<\/div>\n\n\n\n<div class=\"wp-block-column is-vertically-aligned-center is-layout-flow wp-block-column-is-layout-flow\" style=\"flex-basis:50%\">\n<figure class=\"wp-block-image size-large is-resized\"><img decoding=\"async\" width=\"768\" height=\"1024\" src=\"https:\/\/noticiasregionais.com.br\/wp-content\/uploads\/2025\/04\/WhatsApp-Image-2025-04-09-at-15.02.27-768x1024.jpeg\" alt=\"\" class=\"wp-image-4952\" style=\"width:392px;height:auto\" srcset=\"https:\/\/noticiasregionais.com.br\/wp-content\/uploads\/2025\/04\/WhatsApp-Image-2025-04-09-at-15.02.27-768x1024.jpeg 768w, https:\/\/noticiasregionais.com.br\/wp-content\/uploads\/2025\/04\/WhatsApp-Image-2025-04-09-at-15.02.27-225x300.jpeg 225w, https:\/\/noticiasregionais.com.br\/wp-content\/uploads\/2025\/04\/WhatsApp-Image-2025-04-09-at-15.02.27.jpeg 960w\" sizes=\"(max-width: 768px) 100vw, 768px\" \/><\/figure>\n<\/div>\n<\/div>\n\n\n\n<p><strong>N\u00e3o perca! Quinta-feira, 10 de abril, \u00e0s 19 horas, nos perfis @aceourinhos no Facebook e Instagram. Prepare-se para conhecer o maior pr\u00eamio da hist\u00f3ria e como sua empresa pode participar!<\/strong><\/p>\n<input type=\"hidden\" id=\"baseurl\" value=\"https:\/\/noticiasregionais.com.br\"><input type=\"hidden\" id=\"audio_nonce\" value=\"533fbb67b1\">","protected":false},"excerpt":{"rendered":"<p>Ourinhos se prepara para uma campanha que promete agitar o com\u00e9rcio local! A Associa\u00e7\u00e3o Comercial e Empresarial de Ourinhos (ACE)&hellip;<\/p>\n","protected":false},"author":1,"featured_media":4951,"comment_status":"closed","ping_status":"open","sticky":false,"template":"","format":"standard","meta":{"sfsi_plus_gutenberg_text_before_share":"","sfsi_plus_gutenberg_show_text_before_share":"","sfsi_plus_gutenberg_icon_type":"","sfsi_plus_gutenberg_icon_alignemt":"","sfsi_plus_gutenburg_max_per_row":"","footnotes":""},"categories":[5,10,1],"tags":[16],"class_list":["post-4950","post","type-post","status-publish","format-standard","has-post-thumbnail","hentry","category-ourinhos","category-destaques","category-noticias","tag-ourinhos"],"_links":{"self":[{"href":"https:\/\/noticiasregionais.com.br\/index.php?rest_route=\/wp\/v2\/posts\/4950","targetHints":{"allow":["GET"]}}],"collection":[{"href":"https:\/\/noticiasregionais.com.br\/index.php?rest_route=\/wp\/v2\/posts"}],"about":[{"href":"https:\/\/noticiasregionais.com.br\/index.php?rest_route=\/wp\/v2\/types\/post"}],"author":[{"embeddable":true,"href":"https:\/\/noticiasregionais.com.br\/index.php?rest_route=\/wp\/v2\/users\/1"}],"replies":[{"embeddable":true,"href":"https:\/\/noticiasregionais.com.br\/index.php?rest_route=%2Fwp%2Fv2%2Fcomments&post=4950"}],"version-history":[{"count":3,"href":"https:\/\/noticiasregionais.com.br\/index.php?rest_route=\/wp\/v2\/posts\/4950\/revisions"}],"predecessor-version":[{"id":4956,"href":"https:\/\/noticiasregionais.com.br\/index.php?rest_route=\/wp\/v2\/posts\/4950\/revisions\/4956"}],"wp:featuredmedia":[{"embeddable":true,"href":"https:\/\/noticiasregionais.com.br\/index.php?rest_route=\/wp\/v2\/media\/4951"}],"wp:attachment":[{"href":"https:\/\/noticiasregionais.com.br\/index.php?rest_route=%2Fwp%2Fv2%2Fmedia&parent=4950"}],"wp:term":[{"taxonomy":"category","embeddable":true,"href":"https:\/\/noticiasregionais.com.br\/index.php?rest_route=%2Fwp%2Fv2%2Fcategories&post=4950"},{"taxonomy":"post_tag","embeddable":true,"href":"https:\/\/noticiasregionais.com.br\/index.php?rest_route=%2Fwp%2Fv2%2Ftags&post=4950"}],"curies":[{"name":"wp","href":"https:\/\/api.w.org\/{rel}","templated":true}]}}