{"id":4957,"date":"2025-04-09T16:34:36","date_gmt":"2025-04-09T19:34:36","guid":{"rendered":"https:\/\/noticiasregionais.com.br\/?p=4957"},"modified":"2025-04-09T16:34:39","modified_gmt":"2025-04-09T19:34:39","slug":"prefeitura-de-ourinhos-e-sindicato-avancam-em-negociacoes-salariais-para-o-magisterio","status":"publish","type":"post","link":"https:\/\/noticiasregionais.com.br\/?p=4957","title":{"rendered":"Prefeitura de Ourinhos e Sindicato avan\u00e7am em negocia\u00e7\u00f5es salariais para o magist\u00e9rio"},"content":{"rendered":"\n<p><strong>Ourinhos, SP \u2013<\/strong> A Prefeitura de Ourinhos realizou, na manh\u00e3 desta quarta-feira (9), mais uma rodada de negocia\u00e7\u00f5es com o Sindicato dos Servidores P\u00fablicos Municipais de Ourinhos (SINSERPO) e uma comiss\u00e3o de representantes do magist\u00e9rio. O encontro, realizado no Gabinete Municipal, teve como foco a discuss\u00e3o da pauta salarial da categoria.<\/p>\n\n\n\n<p>Um dos principais pontos em pauta \u00e9 a aplica\u00e7\u00e3o integral do piso salarial nacional do magist\u00e9rio para a classe que ainda n\u00e3o foi contemplada. Durante a reuni\u00e3o, foi identificada a possibilidade de um impacto financeiro no quadro geral de servidores diferente do inicialmente previsto para a aplica\u00e7\u00e3o dos valores aos demais profissionais. Em conson\u00e2ncia com as exig\u00eancias legais, a administra\u00e7\u00e3o municipal se comprometeu a realizar um estudo detalhado do impacto or\u00e7ament\u00e1rio para apresentar uma proposta consolidada em uma nova reuni\u00e3o agendada para a pr\u00f3xima <strong>ter\u00e7a-feira, dia 15<\/strong>.<\/p>\n\n\n\n<p>A prefeitura reiterou seu firme compromisso em solucionar as pend\u00eancias existentes e atender \u00e0s demandas dos servidores, sempre observando a legisla\u00e7\u00e3o vigente. Em rela\u00e7\u00e3o ao aux\u00edlio nutricional para aposentados e pensionistas e \u00e0 contagem do tempo de servi\u00e7o suspenso durante o per\u00edodo da pandemia, o Executivo Municipal informou que os respectivos projetos de lei seguem em elabora\u00e7\u00e3o. A administra\u00e7\u00e3o municipal ressaltou a cautela necess\u00e1ria na elabora\u00e7\u00e3o dessas propostas, visando evitar quaisquer a\u00e7\u00f5es que possam caracterizar ilegalidades ou gerar apontamentos por parte do Tribunal de Contas.<\/p>\n\n\n\n<p>Participaram da reuni\u00e3o o presidente do Instituto de Previd\u00eancia Municipal de Ourinhos (IPMO), Rildo Machado, o secret\u00e1rio de Gabinete, Roberto Tasca, o procurador-geral do munic\u00edpio, Andr\u00e9 Mello, o secret\u00e1rio de Finan\u00e7as, Jefferson C\u00e2ndido, e o vice-prefeito Alexandre Zoio. O prefeito Guilherme Gon\u00e7alves acompanhou a reuni\u00e3o por videoconfer\u00eancia, devido a um deslocamento para compromissos externos.<\/p>\n\n\n\n<p>A expectativa \u00e9 que a pr\u00f3xima reuni\u00e3o, na ter\u00e7a-feira (15), traga avan\u00e7os significativos para a defini\u00e7\u00e3o da pauta salarial e dos benef\u00edcios pleiteados pelos servidores municipais de Ourinhos<\/p>\n<input type=\"hidden\" id=\"baseurl\" value=\"https:\/\/noticiasregionais.com.br\"><input type=\"hidden\" id=\"audio_nonce\" value=\"533fbb67b1\">","protected":false},"excerpt":{"rendered":"<p>Ourinhos, SP \u2013 A Prefeitura de Ourinhos realizou, na manh\u00e3 desta quarta-feira (9), mais uma rodada de negocia\u00e7\u00f5es com o&hellip;<\/p>\n","protected":false},"author":1,"featured_media":4958,"comment_status":"closed","ping_status":"open","sticky":false,"template":"","format":"standard","meta":{"sfsi_plus_gutenberg_text_before_share":"","sfsi_plus_gutenberg_show_text_before_share":"","sfsi_plus_gutenberg_icon_type":"","sfsi_plus_gutenberg_icon_alignemt":"","sfsi_plus_gutenburg_max_per_row":"","footnotes":""},"categories":[5,10,1],"tags":[16],"class_list":["post-4957","post","type-post","status-publish","format-standard","has-post-thumbnail","hentry","category-ourinhos","category-destaques","category-noticias","tag-ourinhos"],"_links":{"self":[{"href":"https:\/\/noticiasregionais.com.br\/index.php?rest_route=\/wp\/v2\/posts\/4957","targetHints":{"allow":["GET"]}}],"collection":[{"href":"https:\/\/noticiasregionais.com.br\/index.php?rest_route=\/wp\/v2\/posts"}],"about":[{"href":"https:\/\/noticiasregionais.com.br\/index.php?rest_route=\/wp\/v2\/types\/post"}],"author":[{"embeddable":true,"href":"https:\/\/noticiasregionais.com.br\/index.php?rest_route=\/wp\/v2\/users\/1"}],"replies":[{"embeddable":true,"href":"https:\/\/noticiasregionais.com.br\/index.php?rest_route=%2Fwp%2Fv2%2Fcomments&post=4957"}],"version-history":[{"count":1,"href":"https:\/\/noticiasregionais.com.br\/index.php?rest_route=\/wp\/v2\/posts\/4957\/revisions"}],"predecessor-version":[{"id":4959,"href":"https:\/\/noticiasregionais.com.br\/index.php?rest_route=\/wp\/v2\/posts\/4957\/revisions\/4959"}],"wp:featuredmedia":[{"embeddable":true,"href":"https:\/\/noticiasregionais.com.br\/index.php?rest_route=\/wp\/v2\/media\/4958"}],"wp:attachment":[{"href":"https:\/\/noticiasregionais.com.br\/index.php?rest_route=%2Fwp%2Fv2%2Fmedia&parent=4957"}],"wp:term":[{"taxonomy":"category","embeddable":true,"href":"https:\/\/noticiasregionais.com.br\/index.php?rest_route=%2Fwp%2Fv2%2Fcategories&post=4957"},{"taxonomy":"post_tag","embeddable":true,"href":"https:\/\/noticiasregionais.com.br\/index.php?rest_route=%2Fwp%2Fv2%2Ftags&post=4957"}],"curies":[{"name":"wp","href":"https:\/\/api.w.org\/{rel}","templated":true}]}}