{"id":4960,"date":"2025-04-09T16:41:46","date_gmt":"2025-04-09T19:41:46","guid":{"rendered":"https:\/\/noticiasregionais.com.br\/?p=4960"},"modified":"2025-04-09T16:41:49","modified_gmt":"2025-04-09T19:41:49","slug":"pm-atende-violencia-domestica-e-apreende-municoes-e-carregador-9mm-em-santo-antonio-da-platina","status":"publish","type":"post","link":"https:\/\/noticiasregionais.com.br\/?p=4960","title":{"rendered":"PM atende viol\u00eancia dom\u00e9stica e apreende muni\u00e7\u00f5es e carregador 9mm em Santo Ant\u00f4nio da Platina"},"content":{"rendered":"\n<p>A Pol\u00edcia Militar (PM) de Santo Ant\u00f4nio da Platina atendeu a uma ocorr\u00eancia de viol\u00eancia dom\u00e9stica na noite de ter\u00e7a-feira (8), na Rua Flauzina Francisca Lemes, bairro Bela Vista. A a\u00e7\u00e3o resultou na apreens\u00e3o de muni\u00e7\u00f5es e um carregador de pistola 9mm.<\/p>\n\n\n\n<p>Por volta das 19h50, a equipe do 2\u00ba Batalh\u00e3o de Pol\u00edcia Militar foi acionada ap\u00f3s uma mulher relatar ter sido agredida fisicamente e ter seu celular danificado pelo ex-namorado. Segundo a v\u00edtima, o agressor a convidou para conversar em sua resid\u00eancia, onde a discuss\u00e3o evoluiu para agress\u00e3o f\u00edsica, causando hematomas no rosto, e dano ao seu aparelho telef\u00f4nico.<\/p>\n\n\n\n<p>Ao chegarem \u00e0 resid\u00eancia do suspeito, os policiais encontraram uma maleta de arma de fogo da marca Taurus, acess\u00f3rios para mira \u00f3ptica, um carregador de pistola 9mm e 11 muni\u00e7\u00f5es intactas de treinamento. Adicionalmente, em um estabelecimento anexo \u00e0 casa, foram localizadas e apreendidas duas m\u00e1quinas ca\u00e7a-n\u00edqueis lacradas.<\/p>\n\n\n\n<p>Apesar das buscas realizadas, o suspeito n\u00e3o foi encontrado, com ind\u00edcios de que tenha fugido pelos fundos da propriedade.<\/p>\n\n\n\n<p>A v\u00edtima recebeu os primeiros socorros no pronto-socorro local e, posteriormente, foi encaminhada \u00e0 Delegacia de Pol\u00edcia Civil de Santo Ant\u00f4nio da Platina, juntamente com todo o material apreendido, para as provid\u00eancias legais cab\u00edveis.<\/p>\n\n\n\n<p>O 2\u00ba Batalh\u00e3o de Pol\u00edcia Militar reafirma seu empenho no combate \u00e0 viol\u00eancia dom\u00e9stica e na retirada de circula\u00e7\u00e3o de materiais il\u00edcitos, visando a seguran\u00e7a e o bem-estar da popula\u00e7\u00e3o de Santo Ant\u00f4nio da Platina.<\/p>\n<input type=\"hidden\" id=\"baseurl\" value=\"https:\/\/noticiasregionais.com.br\"><input type=\"hidden\" id=\"audio_nonce\" value=\"533fbb67b1\">","protected":false},"excerpt":{"rendered":"<p>A Pol\u00edcia Militar (PM) de Santo Ant\u00f4nio da Platina atendeu a uma ocorr\u00eancia de viol\u00eancia dom\u00e9stica na noite de ter\u00e7a-feira&hellip;<\/p>\n","protected":false},"author":1,"featured_media":4961,"comment_status":"closed","ping_status":"open","sticky":false,"template":"","format":"standard","meta":{"sfsi_plus_gutenberg_text_before_share":"","sfsi_plus_gutenberg_show_text_before_share":"","sfsi_plus_gutenberg_icon_type":"","sfsi_plus_gutenberg_icon_alignemt":"","sfsi_plus_gutenburg_max_per_row":"","footnotes":""},"categories":[7,10,1],"tags":[35],"class_list":["post-4960","post","type-post","status-publish","format-standard","has-post-thumbnail","hentry","category-parana","category-destaques","category-noticias","tag-santo_antonio_da_platina"],"_links":{"self":[{"href":"https:\/\/noticiasregionais.com.br\/index.php?rest_route=\/wp\/v2\/posts\/4960","targetHints":{"allow":["GET"]}}],"collection":[{"href":"https:\/\/noticiasregionais.com.br\/index.php?rest_route=\/wp\/v2\/posts"}],"about":[{"href":"https:\/\/noticiasregionais.com.br\/index.php?rest_route=\/wp\/v2\/types\/post"}],"author":[{"embeddable":true,"href":"https:\/\/noticiasregionais.com.br\/index.php?rest_route=\/wp\/v2\/users\/1"}],"replies":[{"embeddable":true,"href":"https:\/\/noticiasregionais.com.br\/index.php?rest_route=%2Fwp%2Fv2%2Fcomments&post=4960"}],"version-history":[{"count":1,"href":"https:\/\/noticiasregionais.com.br\/index.php?rest_route=\/wp\/v2\/posts\/4960\/revisions"}],"predecessor-version":[{"id":4962,"href":"https:\/\/noticiasregionais.com.br\/index.php?rest_route=\/wp\/v2\/posts\/4960\/revisions\/4962"}],"wp:featuredmedia":[{"embeddable":true,"href":"https:\/\/noticiasregionais.com.br\/index.php?rest_route=\/wp\/v2\/media\/4961"}],"wp:attachment":[{"href":"https:\/\/noticiasregionais.com.br\/index.php?rest_route=%2Fwp%2Fv2%2Fmedia&parent=4960"}],"wp:term":[{"taxonomy":"category","embeddable":true,"href":"https:\/\/noticiasregionais.com.br\/index.php?rest_route=%2Fwp%2Fv2%2Fcategories&post=4960"},{"taxonomy":"post_tag","embeddable":true,"href":"https:\/\/noticiasregionais.com.br\/index.php?rest_route=%2Fwp%2Fv2%2Ftags&post=4960"}],"curies":[{"name":"wp","href":"https:\/\/api.w.org\/{rel}","templated":true}]}}