{"id":4963,"date":"2025-04-10T20:16:16","date_gmt":"2025-04-10T23:16:16","guid":{"rendered":"https:\/\/noticiasregionais.com.br\/?p=4963"},"modified":"2025-04-14T19:41:46","modified_gmt":"2025-04-14T22:41:46","slug":"faculdade-estacio-ourinhos-lanca-condicao-inedita-para-cursos-semipresenciais-apenas-r-299-por-mes","status":"publish","type":"post","link":"https:\/\/noticiasregionais.com.br\/?p=4963","title":{"rendered":"Faculdade Est\u00e1cio Ourinhos lan\u00e7a condi\u00e7\u00e3o in\u00e9dita para cursos semipresenciais: Apenas R$ 299 por m\u00eas"},"content":{"rendered":"\n<p>A Faculdade Est\u00e1cio Ourinhos est\u00e1 com uma oportunidade imperd\u00edvel para quem deseja alavancar a carreira sem abrir m\u00e3o de flexibilidade e qualidade. At\u00e9 o dia <strong>14 de abril<\/strong>, quem fizer a matr\u00edcula em qualquer curso <strong>semipresencial com in\u00edcio imediato<\/strong> garante um valor especial: <strong>apenas R$ 299 por m\u00eas durante todo o curso<\/strong>.<\/p>\n\n\n\n<p>\u00c9 isso mesmo! Uma das institui\u00e7\u00f5es de ensino superior mais reconhecidas do Brasil est\u00e1 oferecendo essa condi\u00e7\u00e3o exclusiva para ocupar as \u00faltimas vagas dispon\u00edveis. S\u00e3o cursos que unem o melhor do ensino digital com a viv\u00eancia presencial \u2014 perfeitos para quem precisa conciliar os estudos com o trabalho ou outras responsabilidades.<\/p>\n\n\n\n<h3 class=\"wp-block-heading\">\ud83d\udcda Cursos dispon\u00edveis no formato semipresencial:<\/h3>\n\n\n\n<ul class=\"wp-block-list\">\n<li>Administra\u00e7\u00e3o<\/li>\n\n\n\n<li>Biomedicina<\/li>\n\n\n\n<li>Educa\u00e7\u00e3o F\u00edsica (Bacharelado)<\/li>\n\n\n\n<li>Enfermagem<\/li>\n\n\n\n<li>Engenharia Civil<\/li>\n\n\n\n<li>Fisioterapia<\/li>\n\n\n\n<li>Nutri\u00e7\u00e3o<\/li>\n<\/ul>\n\n\n\n<h3 class=\"wp-block-heading\">\ud83d\udca1 Por que escolher um curso semipresencial da Est\u00e1cio?<\/h3>\n\n\n\n<ul class=\"wp-block-list\">\n<li>Flexibilidade para estudar no seu tempo, com <strong>70% da grade online<\/strong> e <strong>30% presencial ou ao vivo<\/strong>;<\/li>\n\n\n\n<li>Mesmo diploma e conte\u00fado das modalidades presenciais;<\/li>\n\n\n\n<li>Aulas din\u00e2micas, com metodologias inovadoras como v\u00eddeos, podcasts, gamifica\u00e7\u00e3o e intera\u00e7\u00f5es online;<\/li>\n\n\n\n<li>Provas presenciais ao final de cada semestre, garantindo a seriedade da forma\u00e7\u00e3o;<\/li>\n\n\n\n<li>Networking com colegas e professores tanto no ambiente virtual quanto presencial;<\/li>\n\n\n\n<li>Curr\u00edculo com validade nacional, facilitando a mobilidade e inser\u00e7\u00e3o no mercado de trabalho.<\/li>\n<\/ul>\n\n\n\n<p>Al\u00e9m disso, a estrutura da Est\u00e1cio em Ourinhos oferece todo o suporte necess\u00e1rio para o aluno se sentir preparado e motivado durante a jornada acad\u00eamica.<\/p>\n\n\n\n<h3 class=\"wp-block-heading\">\ud83d\udcde Quer saber mais?<\/h3>\n\n\n\n<p>Chama no WhatsApp e tire todas as d\u00favidas: <strong>(14) 98182-0242<\/strong><br>Anote a\u00ed: <strong>98182-0242<\/strong><\/p>\n\n\n\n<p><strong>N\u00e3o perca essa chance de transformar seu futuro com uma das melhores faculdades do Brasil!<\/strong><br><strong>Vem pra Est\u00e1cio Ourinhos!<\/strong><\/p>\n\n\n<div class=\"wp-block-image\">\n<figure class=\"aligncenter size-large\"><img decoding=\"async\" width=\"819\" height=\"1024\" src=\"https:\/\/noticiasregionais.com.br\/wp-content\/uploads\/2025\/04\/Imagem-do-WhatsApp-de-2025-04-10-as-12.12.06_90948c09-819x1024.jpg\" alt=\"\" class=\"wp-image-4964\" srcset=\"https:\/\/noticiasregionais.com.br\/wp-content\/uploads\/2025\/04\/Imagem-do-WhatsApp-de-2025-04-10-as-12.12.06_90948c09-819x1024.jpg 819w, https:\/\/noticiasregionais.com.br\/wp-content\/uploads\/2025\/04\/Imagem-do-WhatsApp-de-2025-04-10-as-12.12.06_90948c09-240x300.jpg 240w, https:\/\/noticiasregionais.com.br\/wp-content\/uploads\/2025\/04\/Imagem-do-WhatsApp-de-2025-04-10-as-12.12.06_90948c09-768x960.jpg 768w, https:\/\/noticiasregionais.com.br\/wp-content\/uploads\/2025\/04\/Imagem-do-WhatsApp-de-2025-04-10-as-12.12.06_90948c09-1229x1536.jpg 1229w, https:\/\/noticiasregionais.com.br\/wp-content\/uploads\/2025\/04\/Imagem-do-WhatsApp-de-2025-04-10-as-12.12.06_90948c09.jpg 1280w\" sizes=\"(max-width: 819px) 100vw, 819px\" \/><\/figure>\n<\/div><input type=\"hidden\" id=\"baseurl\" value=\"https:\/\/noticiasregionais.com.br\"><input type=\"hidden\" id=\"audio_nonce\" value=\"533fbb67b1\">","protected":false},"excerpt":{"rendered":"<p>A Faculdade Est\u00e1cio Ourinhos est\u00e1 com uma oportunidade imperd\u00edvel para quem deseja alavancar a carreira sem abrir m\u00e3o de flexibilidade&hellip;<\/p>\n","protected":false},"author":1,"featured_media":4965,"comment_status":"closed","ping_status":"open","sticky":false,"template":"","format":"standard","meta":{"sfsi_plus_gutenberg_text_before_share":"","sfsi_plus_gutenberg_show_text_before_share":"","sfsi_plus_gutenberg_icon_type":"","sfsi_plus_gutenberg_icon_alignemt":"","sfsi_plus_gutenburg_max_per_row":"","footnotes":""},"categories":[5,10,1],"tags":[16],"class_list":["post-4963","post","type-post","status-publish","format-standard","has-post-thumbnail","hentry","category-ourinhos","category-destaques","category-noticias","tag-ourinhos"],"_links":{"self":[{"href":"https:\/\/noticiasregionais.com.br\/index.php?rest_route=\/wp\/v2\/posts\/4963","targetHints":{"allow":["GET"]}}],"collection":[{"href":"https:\/\/noticiasregionais.com.br\/index.php?rest_route=\/wp\/v2\/posts"}],"about":[{"href":"https:\/\/noticiasregionais.com.br\/index.php?rest_route=\/wp\/v2\/types\/post"}],"author":[{"embeddable":true,"href":"https:\/\/noticiasregionais.com.br\/index.php?rest_route=\/wp\/v2\/users\/1"}],"replies":[{"embeddable":true,"href":"https:\/\/noticiasregionais.com.br\/index.php?rest_route=%2Fwp%2Fv2%2Fcomments&post=4963"}],"version-history":[{"count":1,"href":"https:\/\/noticiasregionais.com.br\/index.php?rest_route=\/wp\/v2\/posts\/4963\/revisions"}],"predecessor-version":[{"id":4966,"href":"https:\/\/noticiasregionais.com.br\/index.php?rest_route=\/wp\/v2\/posts\/4963\/revisions\/4966"}],"wp:featuredmedia":[{"embeddable":true,"href":"https:\/\/noticiasregionais.com.br\/index.php?rest_route=\/wp\/v2\/media\/4965"}],"wp:attachment":[{"href":"https:\/\/noticiasregionais.com.br\/index.php?rest_route=%2Fwp%2Fv2%2Fmedia&parent=4963"}],"wp:term":[{"taxonomy":"category","embeddable":true,"href":"https:\/\/noticiasregionais.com.br\/index.php?rest_route=%2Fwp%2Fv2%2Fcategories&post=4963"},{"taxonomy":"post_tag","embeddable":true,"href":"https:\/\/noticiasregionais.com.br\/index.php?rest_route=%2Fwp%2Fv2%2Ftags&post=4963"}],"curies":[{"name":"wp","href":"https:\/\/api.w.org\/{rel}","templated":true}]}}